{"id":136770,"date":"2026-01-15T09:37:07","date_gmt":"2026-01-15T09:37:07","guid":{"rendered":"https:\/\/www.europesays.com\/se\/136770\/"},"modified":"2026-01-15T09:37:07","modified_gmt":"2026-01-15T09:37:07","slug":"posten-spelar-roll-men-kan-komma-farre-dagar","status":"publish","type":"post","link":"https:\/\/www.europesays.com\/se\/136770\/","title":{"rendered":"Posten spelar roll \u2013 men kan komma f\u00e4rre dagar"},"content":{"rendered":"<p>&#13;<br \/>\n&#13;<br \/>\n            &#13;<br \/>\n&#13;<br \/>\n                    <img decoding=\"async\" class=\"hero-image\" src=\"https:\/\/www.europesays.com\/se\/wp-content\/uploads\/2026\/01\/39.jpg\"\/>&#13;<br \/>\n                    &#13;<br \/>\n&#13;<\/p>\n<p class=\"lead\">&#13;<br \/>\n                Svenskarna tycker det \u00e4r viktigt att veta n\u00e4r ett brev ska levereras. Att det ska g\u00e5 fort \u00e4r inte lika v\u00e4sentligt. Det visar Post- och telestyrelsens (PTS) unders\u00f6kning om befolkningens anv\u00e4ndning av posttj\u00e4nster. Unders\u00f6kningen visar ocks\u00e5 att de flesta kan acceptera f\u00e4rre utdelningsdagar.&#13;\n            <\/p>\n<p>&#13;<br \/>\n&#13;<br \/>\n            &#13;<\/p>\n<p>PTS genomf\u00f6r \u00e5terkommande en unders\u00f6kning om hur den svenska befolkningen anv\u00e4nder och ser p\u00e5 posttj\u00e4nster.<\/p>\n<p>\u00c5rets unders\u00f6kning visar att n\u00e4ra sju av tio svenskar kan acceptera att posten delas ut tv\u00e5 eller tre dagar i veckan. Enbart var fj\u00e4rde tycker att de har behov av postutdelning fem eller fler dagar i veckan. Unders\u00f6kningen visar ocks\u00e5 att den \u00e4ldre delen av befolkningen har ett st\u00f6rre behov av t\u00e4tare postutdelning.<\/p>\n<p><strong>Tillf\u00f6rlitlighet viktigare \u00e4n snabbhet <\/strong><\/p>\n<p>De allra flesta svenskar tycker det \u00e4r viktigare att veta vilken dag posten kommer fram, snarare \u00e4n att det m\u00e5ste g\u00e5 snabbt. De flesta anv\u00e4ndarna uppger att de inte skulle p\u00e5verkas negativt av att f\u00e5 tv\u00e5 fasta utdelningsdagar i veckan i st\u00e4llet f\u00f6r utdelning varannan dag. Flera lyfte fram att fasta utdelningsdagar kan vara positivt eftersom det blir mer f\u00f6ruts\u00e4gbart att veta vilka dagar posten kommer.<\/p>\n<p>N\u00e4stan h\u00e4lften av befolkningen \u00e4r ocks\u00e5 beredda att v\u00e4lja en l\u00e5ngsammare leverans f\u00f6r att den ska vara klimatm\u00e4ssigt h\u00e5llbar.<\/p>\n<p>&#8211; Unders\u00f6kningen visar att posten fortfarande spelar en roll f\u00f6r svenskarna. Till exempel bes\u00f6ker vi Postnords servicest\u00e4llen \u00e5tminstone n\u00e5gon g\u00e5ng per \u00e5r. Men vi kan ocks\u00e5 konstatera att svenskarna har ett annat behov nu \u00e4n tidigare. Vi beh\u00f6ver inte v\u00e5r post lika ofta, och snabbheten spelar en mindre roll.<\/p>\n<p>&#8211; Samtidigt finns det grupper som \u00e4r i st\u00f6rre behov av postutdelningen. Det \u00e4r d\u00e4rf\u00f6r viktigt att postoperat\u00f6rerna kan svara upp mot de olika behov som finns. Enligt PTS unders\u00f6kningar b\u00f6r fokus ligga p\u00e5 att s\u00e4kerst\u00e4lla en s\u00e4ker och tillf\u00f6rlitlig, om \u00e4n n\u00e5got l\u00e5ngsammare postg\u00e5ng, f\u00f6r de brev som inte kan digitaliseras, s\u00e4ger Joakim Levin, chef PTS enhet f\u00f6r postfr\u00e5gor. Enligt PTS unders\u00f6kningar b\u00f6r fokus ligga p\u00e5 att s\u00e4kerst\u00e4lla en s\u00e4ker och tillf\u00f6rlitlig, om \u00e4n n\u00e5got l\u00e5ngsammare postg\u00e5ng, f\u00f6r de brev som inte kan digitaliseras.<\/p>\n<p><a href=\"https:\/\/www.pts.se\/post\/regler-om-postutdelning\/befolkningens-anvandning-av-posttjanster-2025---pts-er-2025-17\/\" rel=\"nofollow noopener\" target=\"_blank\">Rapport: Befolkningens anv\u00e4ndning av posttj\u00e4nster 2025<\/a><\/p>\n<p>&#13;<br \/>\n&#13;<br \/>\n&#13;<\/p>\n<p>&#13;<br \/>\n                         Publicerades 2026-01-15&#13;\n                    <\/p>\n<p>&#13;<br \/>\n                         Post&#13;\n                    <\/p>\n<p>            &#13;<\/p>\n","protected":false},"excerpt":{"rendered":"&#13; &#13; &#13; &#13; &#13; &#13; &#13; &#13; Svenskarna tycker det \u00e4r viktigt att veta n\u00e4r ett brev&hellip;\n","protected":false},"author":2,"featured_media":48653,"comment_status":"","ping_status":"","sticky":false,"template":"","format":"standard","meta":{"footnotes":""},"categories":[65],"tags":[72,70,71,34,31,33,32,30],"class_list":{"0":"post-136770","1":"post","2":"type-post","3":"status-publish","4":"format-standard","5":"has-post-thumbnail","7":"category-ekonomi","8":"tag-business","9":"tag-economy","10":"tag-ekonomi","11":"tag-se","12":"tag-svenska","13":"tag-sverige","14":"tag-sweden","15":"tag-swedish"},"share_on_mastodon":{"url":"https:\/\/pubeurope.com\/@se\/115898446230405796","error":""},"_links":{"self":[{"href":"https:\/\/www.europesays.com\/se\/wp-json\/wp\/v2\/posts\/136770","targetHints":{"allow":["GET"]}}],"collection":[{"href":"https:\/\/www.europesays.com\/se\/wp-json\/wp\/v2\/posts"}],"about":[{"href":"https:\/\/www.europesays.com\/se\/wp-json\/wp\/v2\/types\/post"}],"author":[{"embeddable":true,"href":"https:\/\/www.europesays.com\/se\/wp-json\/wp\/v2\/users\/2"}],"replies":[{"embeddable":true,"href":"https:\/\/www.europesays.com\/se\/wp-json\/wp\/v2\/comments?post=136770"}],"version-history":[{"count":0,"href":"https:\/\/www.europesays.com\/se\/wp-json\/wp\/v2\/posts\/136770\/revisions"}],"wp:featuredmedia":[{"embeddable":true,"href":"https:\/\/www.europesays.com\/se\/wp-json\/wp\/v2\/media\/48653"}],"wp:attachment":[{"href":"https:\/\/www.europesays.com\/se\/wp-json\/wp\/v2\/media?parent=136770"}],"wp:term":[{"taxonomy":"category","embeddable":true,"href":"https:\/\/www.europesays.com\/se\/wp-json\/wp\/v2\/categories?post=136770"},{"taxonomy":"post_tag","embeddable":true,"href":"https:\/\/www.europesays.com\/se\/wp-json\/wp\/v2\/tags?post=136770"}],"curies":[{"name":"wp","href":"https:\/\/api.w.org\/{rel}","templated":true}]}}