{"id":136781,"date":"2026-01-15T09:45:09","date_gmt":"2026-01-15T09:45:09","guid":{"rendered":"https:\/\/www.europesays.com\/se\/136781\/"},"modified":"2026-01-15T09:45:09","modified_gmt":"2026-01-15T09:45:09","slug":"pk-consumer-health-investerar-i-finska-puhdistamo-med-malet-att-tillsammans-bygga-europas-ledande-wellbeingforetag","status":"publish","type":"post","link":"https:\/\/www.europesays.com\/se\/136781\/","title":{"rendered":"PK Consumer Health investerar i finska Puhdistamo med m\u00e5let att tillsammans bygga Europas ledande wellbeingf\u00f6retag"},"content":{"rendered":"<p>Puhdistamo \u2013 Real Foods Oy (&#8221;Puhdistamo&#8221;), ett av de ledande wellbeingf\u00f6retagen i Norden, och PK Consumer Health (&#8221;PK&#8221;) sl\u00e5r sig samman. PK, som \u00e4gs av det USA-baserade Avista Healthcare Partners och den belgiska Damier Group, kommer att f\u00f6rv\u00e4rva hela aktiekapitalet i Puhdistamo fr\u00e5n bolagets nuvarande \u00e4gare. Samtidigt kommer de nuvarande \u00e4garna, inklusive Rite Ventures och f\u00f6retagets operativa ledning, att g\u00f6ra en betydande \u00e5terinvestering i PK och forts\u00e4tta st\u00f6dja bolagets tillv\u00e4xt. Efter att f\u00f6rv\u00e4rvet \u00e4r slutf\u00f6rt kommer Puhdistamos nuvarande ledning att forts\u00e4tta i sina respektive roller.<\/p>\n<p>Puhdistamo \u00e4r ett snabbt v\u00e4xande nordiskt wellbeingf\u00f6retag som framf\u00f6r allt \u00e4r k\u00e4nt f\u00f6r h\u00f6gkvalitativa kosttillskott, sportnutrition och funktionella drycker. I Sverige \u00e4r bolaget k\u00e4nt genom sitt internationella varum\u00e4rke Pureness, som lanserades i samband med expansionen till den svenska marknaden \u00e5r 2020. Under de senaste \u00e5ren har f\u00f6retagets oms\u00e4ttning \u00f6kat med i genomsnitt 20 % per \u00e5r och uppgick till 33,6 miljoner euro under r\u00e4kenskaps\u00e5ret som avslutades den 30 juni 2025. Bolaget syssels\u00e4tter totalt 120 personer i Finland och Sverige.<\/p>\n<p>Puhdistamo har djupa r\u00f6tter i Finland och Norden. Genom f\u00f6rv\u00e4rvet st\u00e4rks bolagets f\u00f6ruts\u00e4ttningar f\u00f6r fortsatt stark tillv\u00e4xt, med s\u00e4rskilt fokus p\u00e5 k\u00e4rnmarknaderna Finland och Sverige. F\u00f6rv\u00e4rvet skapar \u00e4ven goda m\u00f6jligheter f\u00f6r Puhdistamo att expandera till nya europeiska marknader.<\/p>\n<p><strong>Gemensam vision och passion f\u00f6r utveckling av konsumenth\u00e4lsobranschen<\/strong><\/p>\n<p>\u201dVi f\u00f6rblir trogna det som gjort Puhdistamo till en framg\u00e5ngssaga fr\u00e5n allra f\u00f6rsta b\u00f6rjan. K\u00e4rnan i v\u00e5r verksamhet, entrepren\u00f6rskap och kompromissl\u00f6s kvalitet i v\u00e5ra produkter, kommer att finnas kvar \u00e4ven efter f\u00f6rv\u00e4rvet. Jag \u00e4r tacksam mot v\u00e5r personal, v\u00e5ra kunder och v\u00e5ra partner som har varit med oss under alla dessa \u00e5r. Med f\u00f6rv\u00e4rvet b\u00f6rjar vi en betydande ny fas i v\u00e5r tillv\u00e4xthistoria. Med Avista Healthcare Partners och Damier Group f\u00e5r vi partner som har omfattande kunskap och erfarenhet inom konsumenth\u00e4lsosektorn och som delar v\u00e5ra v\u00e4rderingar och vision. V\u00e5rt m\u00e5l \u00e4r att bygga PK till Europas ledande wellbeingf\u00f6retag, och vi g\u00e5r mot detta m\u00e5l med stor entusiasm\u201d, s\u00e4ger <strong>Carl-Gustaf Elfving, <\/strong>VD f\u00f6r Puhdistamo.<\/p>\n<p>\u201dMed detta arrangemang f\u00e5r vi en starkare grund f\u00f6r att accelerera Puhdistamos tillv\u00e4xt framf\u00f6r allt i Finland och Sverige. F\u00f6rv\u00e4rvet g\u00f6r det ocks\u00e5 m\u00f6jligt f\u00f6r oss att ta varum\u00e4rket till nya internationella marknader och investera i innovation. Vi har ett fantastiskt team och jag ser verkligen fram emot f\u00f6r vad vi kan \u00e5stadkomma tillsammans&#8221;, forts\u00e4tter Elfving.<\/p>\n<p>\u201dPuhdistamo har en stark ledning och en tydlig position inom det snabbt v\u00e4xande premiumsegmentet f\u00f6r h\u00e4lso- och wellbeingprodukter, vilket skapar utm\u00e4rkta f\u00f6ruts\u00e4ttningar f\u00f6r fortsatt tillv\u00e4xt med st\u00f6d av PK. Puhdistamos intr\u00e4de som en regionalt betydelsefull operat\u00f6r st\u00e4rker v\u00e5r position i Norden och ut\u00f6kar v\u00e5rt produktutbud till nya, attraktiva kategorier som sportnutrition och funktionella drycker&#8221;, s\u00e4ger <strong>Yvan Vindevogel<\/strong>, styrelseordf\u00f6rande f\u00f6r PK Consumer Health.<\/p>\n<p>&#8221;Jag vill varmt v\u00e4lkomna hela personalen p\u00e5 Puhdistamo till PK-familjen. Puhdistamo passar perfekt in i v\u00e5r strategi att bygga ett paneuropeiskt konsumenth\u00e4lsof\u00f6retag genom samarbete med ledande lokala akt\u00f6rer&#8221;, forts\u00e4tter Vindevogel.<\/p>\n<p>\u201dVi s\u00f6ker etablerade ledande f\u00f6retag inom sitt omr\u00e5de till v\u00e5r portf\u00f6lj, och vi imponerades s\u00e4rskilt av Puhdistamos kommersiella expertis, h\u00f6gkvalitativa produkter, lojala kundbas och starka varum\u00e4rke. Jag \u00e4r \u00f6vertygad om att f\u00f6ruts\u00e4ttningarna f\u00f6r att Puhdistamo ska v\u00e4xa \u00e4nnu mer inom PK Consumer Health \u00e4r utm\u00e4rkta&#8221;, s\u00e4ger <strong>Thompson Dean, <\/strong>styrelseordf\u00f6rande f\u00f6r Avista Healthcare Partners.<\/p>\n<p>Parterna har enats om att inte offentligg\u00f6ra k\u00f6peskillingen. Slutf\u00f6randet av transaktionen \u00e4r villkorat av uppfyllandet av vissa normala handelsvillkor och f\u00f6rv\u00e4ntas ske i slutet av januari 2026.<\/p>\n","protected":false},"excerpt":{"rendered":"Puhdistamo \u2013 Real Foods Oy (&#8221;Puhdistamo&#8221;), ett av de ledande wellbeingf\u00f6retagen i Norden, och PK Consumer Health (&#8221;PK&#8221;)&hellip;\n","protected":false},"author":2,"featured_media":136782,"comment_status":"","ping_status":"","sticky":false,"template":"","format":"standard","meta":{"footnotes":""},"categories":[65],"tags":[72,70,71,34,31,33,32,30],"class_list":{"0":"post-136781","1":"post","2":"type-post","3":"status-publish","4":"format-standard","5":"has-post-thumbnail","7":"category-ekonomi","8":"tag-business","9":"tag-economy","10":"tag-ekonomi","11":"tag-se","12":"tag-svenska","13":"tag-sverige","14":"tag-sweden","15":"tag-swedish"},"share_on_mastodon":{"url":"https:\/\/pubeurope.com\/@se\/115898477797611831","error":""},"_links":{"self":[{"href":"https:\/\/www.europesays.com\/se\/wp-json\/wp\/v2\/posts\/136781","targetHints":{"allow":["GET"]}}],"collection":[{"href":"https:\/\/www.europesays.com\/se\/wp-json\/wp\/v2\/posts"}],"about":[{"href":"https:\/\/www.europesays.com\/se\/wp-json\/wp\/v2\/types\/post"}],"author":[{"embeddable":true,"href":"https:\/\/www.europesays.com\/se\/wp-json\/wp\/v2\/users\/2"}],"replies":[{"embeddable":true,"href":"https:\/\/www.europesays.com\/se\/wp-json\/wp\/v2\/comments?post=136781"}],"version-history":[{"count":0,"href":"https:\/\/www.europesays.com\/se\/wp-json\/wp\/v2\/posts\/136781\/revisions"}],"wp:featuredmedia":[{"embeddable":true,"href":"https:\/\/www.europesays.com\/se\/wp-json\/wp\/v2\/media\/136782"}],"wp:attachment":[{"href":"https:\/\/www.europesays.com\/se\/wp-json\/wp\/v2\/media?parent=136781"}],"wp:term":[{"taxonomy":"category","embeddable":true,"href":"https:\/\/www.europesays.com\/se\/wp-json\/wp\/v2\/categories?post=136781"},{"taxonomy":"post_tag","embeddable":true,"href":"https:\/\/www.europesays.com\/se\/wp-json\/wp\/v2\/tags?post=136781"}],"curies":[{"name":"wp","href":"https:\/\/api.w.org\/{rel}","templated":true}]}}