{"id":136811,"date":"2026-01-15T10:07:10","date_gmt":"2026-01-15T10:07:10","guid":{"rendered":"https:\/\/www.europesays.com\/se\/136811\/"},"modified":"2026-01-15T10:07:10","modified_gmt":"2026-01-15T10:07:10","slug":"bla-kasse-utgar-men-ersatts-av-en-ny","status":"publish","type":"post","link":"https:\/\/www.europesays.com\/se\/136811\/","title":{"rendered":"Bl\u00e5 kasse utg\u00e5r, men ers\u00e4tts av en ny"},"content":{"rendered":"<p>Av Marcus Lind\u00e9n<br \/>Publicerad 15 januari, 10:18. Uppdaterad 15 januari, 11:06<\/p>\n<p>P\u00e5 sin hemsida skriver Ikea att den klassiska bl\u00e5 p\u00e5sen \u201dFrakta\u201d \u00e4r p\u00e5 v\u00e4g att utg\u00e5 fr\u00e5n sortimentet, men kassen f\u00f6rsvinner inte helt. Det skriver bolaget i ett pressmeddelande efter medierapportering om att kassen snart f\u00f6rsvinner.<\/p>\n<p>Anledningen till att det st\u00e5r att kassen utg\u00e5r \u00e4r f\u00f6r att en \u201duppdaterad version\u201d sl\u00e4pps i april.<\/p>\n<p>\u201dVi kan f\u00f6rs\u00e4kra v\u00e5ra kunder om att Frakta \u00e4r h\u00e4r f\u00f6r att stanna\u201d, skriver presschefen Fredrik Norrlid i ett mejl till TT.<\/p>\n<p>Omni \u00e4r politiskt obundna och oberoende. Vi str\u00e4var efter att ge fler perspektiv p\u00e5 nyheterna. Har du fr\u00e5gor eller synpunkter kring v\u00e5r rapportering? <a href=\"https:\/\/omni.se\/ikea-overger-klassisk-kasse\/a\/mailto:redaktion@omni.se\" class=\"ArticleActions_contactLink__W2F1M\" rel=\"nofollow noopener\" target=\"_blank\">Kontakta redaktionen<\/a><\/p>\n","protected":false},"excerpt":{"rendered":"Av Marcus Lind\u00e9nPublicerad 15 januari, 10:18. Uppdaterad 15 januari, 11:06 P\u00e5 sin hemsida skriver Ikea att den klassiska&hellip;\n","protected":false},"author":2,"featured_media":136812,"comment_status":"","ping_status":"","sticky":false,"template":"","format":"standard","meta":{"footnotes":""},"categories":[67],"tags":[952,104,954,34,31,33,32,30,105],"class_list":{"0":"post-136811","1":"post","2":"type-post","3":"status-publish","4":"format-standard","5":"has-post-thumbnail","7":"category-underhallning","8":"tag-detaljhandel","9":"tag-entertainment","10":"tag-ikea","11":"tag-se","12":"tag-svenska","13":"tag-sverige","14":"tag-sweden","15":"tag-swedish","16":"tag-underhallning"},"share_on_mastodon":{"url":"https:\/\/pubeurope.com\/@se\/115898564115219643","error":""},"_links":{"self":[{"href":"https:\/\/www.europesays.com\/se\/wp-json\/wp\/v2\/posts\/136811","targetHints":{"allow":["GET"]}}],"collection":[{"href":"https:\/\/www.europesays.com\/se\/wp-json\/wp\/v2\/posts"}],"about":[{"href":"https:\/\/www.europesays.com\/se\/wp-json\/wp\/v2\/types\/post"}],"author":[{"embeddable":true,"href":"https:\/\/www.europesays.com\/se\/wp-json\/wp\/v2\/users\/2"}],"replies":[{"embeddable":true,"href":"https:\/\/www.europesays.com\/se\/wp-json\/wp\/v2\/comments?post=136811"}],"version-history":[{"count":0,"href":"https:\/\/www.europesays.com\/se\/wp-json\/wp\/v2\/posts\/136811\/revisions"}],"wp:featuredmedia":[{"embeddable":true,"href":"https:\/\/www.europesays.com\/se\/wp-json\/wp\/v2\/media\/136812"}],"wp:attachment":[{"href":"https:\/\/www.europesays.com\/se\/wp-json\/wp\/v2\/media?parent=136811"}],"wp:term":[{"taxonomy":"category","embeddable":true,"href":"https:\/\/www.europesays.com\/se\/wp-json\/wp\/v2\/categories?post=136811"},{"taxonomy":"post_tag","embeddable":true,"href":"https:\/\/www.europesays.com\/se\/wp-json\/wp\/v2\/tags?post=136811"}],"curies":[{"name":"wp","href":"https:\/\/api.w.org\/{rel}","templated":true}]}}