{"id":136813,"date":"2026-01-15T10:09:07","date_gmt":"2026-01-15T10:09:07","guid":{"rendered":"https:\/\/www.europesays.com\/se\/136813\/"},"modified":"2026-01-15T10:09:07","modified_gmt":"2026-01-15T10:09:07","slug":"debatt-reservkraft-saknas-pa-lokal-niva-di","status":"publish","type":"post","link":"https:\/\/www.europesays.com\/se\/136813\/","title":{"rendered":"DEBATT: Reservkraft saknas p\u00e5 lokal niv\u00e5 &#8211; DI"},"content":{"rendered":"<ol>\n<li><a href=\"https:\/\/news.google.com\/rss\/articles\/CBMiakFVX3lxTFBZbHhWWnVNa2haRGgybU55MUFBX253LWdBblhGMWliOVk2VWxSV3pUeVJiYlMzU2ljUlB3ZXlWNWFEM1pWZ2lCelpFMHlhYTBRMmNaZ1J5aXJqdkY4VkswV3UwSlJBbEFJamc?oc=5\" target=\"_blank\" rel=\"nofollow noopener\">DEBATT: Reservkraft saknas p\u00e5 lokal niv\u00e5<\/a>&nbsp;&nbsp;DI<\/li>\n<li><a href=\"https:\/\/news.google.com\/rss\/articles\/CBMihwFBVV95cUxNdkZLd0s2UGxtT2g4cUxkMFhwaUFQc1NHUFVDdzVsZmo0bXFDS0h4OHlyQzdaQ2M3T2JVOV9nYkZiWkZ0SDNoV0FEeko0WkdfQ01TOHdRSFhJSkhtUFJwTnZHV203MTVSYnd1OS1ZR0FKc3JyTDlwRlQyZGl4c1RnSDltUTZsR0U?oc=5\" target=\"_blank\" rel=\"nofollow noopener\">Elreserven s\u00e4krad i vinter: \u201dGlad och tacksam\u201d<\/a>&nbsp;&nbsp;Sveriges Radio<\/li>\n<li><a href=\"https:\/\/news.google.com\/rss\/articles\/CBMiigFBVV95cUxOczAwOS1DTExNQ1BvM2hjMXVFQ2tleTdSdzUtc1RNU3BhOUEzdlltazhvazFsZ1puMkJNdzhsdWZ4X0RmRG85UVhTNUNMMmRlNEZ6MzBtZW1FWlliZ1laZ2lKbGhod1RrOTdTdzhWUkljMWxSRTJuLUZRMm1pbHJjcUxXNmFNTUdVdlE?oc=5\" target=\"_blank\" rel=\"nofollow noopener\">Larm om misst\u00e4nkt farligt f\u00f6rem\u00e5l<\/a>&nbsp;&nbsp;Aftonbladet<\/li>\n<li><a href=\"https:\/\/news.google.com\/rss\/articles\/CBMidEFVX3lxTE1Gd2VQX1dVSVY3SnJzS0NRUEZtM1VNeUFsa3pBV0Z2eW9GWDAwYVc5a1NxMzR2WGdoSXhmT3JRdlo5UVNjS00zb2trX09GelZDWUQ4dnM1N19aUThhQzQ2UXh1cUwtc2RPVDhxbnB2OUJBYjdM?oc=5\" target=\"_blank\" rel=\"nofollow noopener\">Sverige har nu elreserv p\u00e5 plats. Ett gammalt kraftverk v\u00e4cks till liv f\u00f6r Malm\u00f6s skull.<\/a>&nbsp;&nbsp;feber.se<\/li>\n<li><a href=\"https:\/\/news.google.com\/rss\/articles\/CBMiigFBVV95cUxNeDhZV1d1QWxrREtUcnNEbUNpSGQtTWJaZUExV184cmtScThVZTBGOUpHaTFfc0ZnbksxemZLRjNnMDJTRHFuckZqOE9JclNLNlpndGF2YkFESXczSUs2NGNYaFZ3LTBVUTd5Vkdld3RSOFRxM0Z4cVQ2ZldMOWRDZmM4MGkyOTRJaWc?oc=5\" target=\"_blank\" rel=\"nofollow noopener\">Strategisk elreserv p\u00e5 plats<\/a>&nbsp;&nbsp;F\u00f6retagarna<\/li>\n<\/ol>\n","protected":false},"excerpt":{"rendered":"DEBATT: Reservkraft saknas p\u00e5 lokal niv\u00e5&nbsp;&nbsp;DI Elreserven s\u00e4krad i vinter: \u201dGlad och tacksam\u201d&nbsp;&nbsp;Sveriges Radio Larm om misst\u00e4nkt farligt&hellip;\n","protected":false},"author":2,"featured_media":136814,"comment_status":"","ping_status":"","sticky":false,"template":"","format":"standard","meta":{"footnotes":""},"categories":[65],"tags":[72,70,71,34,31,33,32,30],"class_list":{"0":"post-136813","1":"post","2":"type-post","3":"status-publish","4":"format-standard","5":"has-post-thumbnail","7":"category-ekonomi","8":"tag-business","9":"tag-economy","10":"tag-ekonomi","11":"tag-se","12":"tag-svenska","13":"tag-sverige","14":"tag-sweden","15":"tag-swedish"},"share_on_mastodon":{"url":"https:\/\/pubeurope.com\/@se\/115898571960812932","error":""},"_links":{"self":[{"href":"https:\/\/www.europesays.com\/se\/wp-json\/wp\/v2\/posts\/136813","targetHints":{"allow":["GET"]}}],"collection":[{"href":"https:\/\/www.europesays.com\/se\/wp-json\/wp\/v2\/posts"}],"about":[{"href":"https:\/\/www.europesays.com\/se\/wp-json\/wp\/v2\/types\/post"}],"author":[{"embeddable":true,"href":"https:\/\/www.europesays.com\/se\/wp-json\/wp\/v2\/users\/2"}],"replies":[{"embeddable":true,"href":"https:\/\/www.europesays.com\/se\/wp-json\/wp\/v2\/comments?post=136813"}],"version-history":[{"count":0,"href":"https:\/\/www.europesays.com\/se\/wp-json\/wp\/v2\/posts\/136813\/revisions"}],"wp:featuredmedia":[{"embeddable":true,"href":"https:\/\/www.europesays.com\/se\/wp-json\/wp\/v2\/media\/136814"}],"wp:attachment":[{"href":"https:\/\/www.europesays.com\/se\/wp-json\/wp\/v2\/media?parent=136813"}],"wp:term":[{"taxonomy":"category","embeddable":true,"href":"https:\/\/www.europesays.com\/se\/wp-json\/wp\/v2\/categories?post=136813"},{"taxonomy":"post_tag","embeddable":true,"href":"https:\/\/www.europesays.com\/se\/wp-json\/wp\/v2\/tags?post=136813"}],"curies":[{"name":"wp","href":"https:\/\/api.w.org\/{rel}","templated":true}]}}