{"id":136815,"date":"2026-01-15T10:11:09","date_gmt":"2026-01-15T10:11:09","guid":{"rendered":"https:\/\/www.europesays.com\/se\/136815\/"},"modified":"2026-01-15T10:11:09","modified_gmt":"2026-01-15T10:11:09","slug":"andrade-regler-for-korkortsinnehav-vid-adhd-och-autism","status":"publish","type":"post","link":"https:\/\/www.europesays.com\/se\/136815\/","title":{"rendered":"\u00c4ndrade regler f\u00f6r k\u00f6rkortsinnehav vid adhd och autism"},"content":{"rendered":"<p>&#13;<br \/>\n            \u00c4ndringen f\u00f6renklar f\u00f6r en stor grupp m\u00e4nniskor vid ans\u00f6kan om k\u00f6rkortstillst\u00e5nd. Foto: Transportstyrelsen&#13;\n        <\/p>\n<p>Fr\u00e5n och med i dag tas de medicinska kraven f\u00f6r k\u00f6rkort vid adhd och autismspektrumtillst\u00e5nd bort. \u201dDet h\u00e4r f\u00f6renklar f\u00f6r en stor grupp m\u00e4nniskor n\u00e4r de ans\u00f6ker om k\u00f6rkortstillst\u00e5nd,\u201d s\u00e4ger Josefin Hallenberg, utredare vid Transportstyrelsen.<\/p>\n<p>Transportstyrelsen har sett \u00f6ver sina medicinska krav f\u00f6r k\u00f6rkortsinnehav f\u00f6r personer med adhd, autism och likartade tillst\u00e5nd. Reglerna beh\u00f6vde moderniseras och utredningen har visat att s\u00e4rskilda medicinska krav inte kan motiveras.<\/p>\n<p>I dagsl\u00e4get f\u00e5r mer \u00e4n 99 procent av de som pr\u00f6vas medicinskt f\u00f6r adhd eller autismspektrumtillst\u00e5nd bifall n\u00e4r de ans\u00f6ker om k\u00f6rkortstillst\u00e5nd. Aktuellt forskningsl\u00e4ge gav heller inget entydigt svar om den h\u00e4r gruppen n\u00e4r det g\u00e4ller olycksrisk och k\u00f6rf\u00f6rm\u00e5ga. Ofta \u00e4r det andra samtidiga medicinska tillst\u00e5nd som \u00e4r det som p\u00e5verkar k\u00f6rf\u00f6rm\u00e5gan negativt.<\/p>\n<p>\u2013 Sammantaget s\u00e5g vi att de gamla medicinska kraven inte kunde motiveras, s\u00e4ger Josefin Hallenberg.<\/p>\n<p>Kravet p\u00e5 l\u00e4karintyg tas bort<\/p>\n<p>\u00c4ndringen inneb\u00e4r att personer med adhd och autismspektrumtillst\u00e5nd som ans\u00f6ker om k\u00f6rkortstillst\u00e5nd inte kommer att pr\u00f6vas utifr\u00e5n n\u00e4mnda diagnoser. I dessa fall f\u00f6rsvinner kravet p\u00e5 l\u00e4karintyg. Nuvarande kapitel 15 i medicinf\u00f6reskrifter ers\u00e4tts med ett kapitel som endast inneh\u00e5ller medicinska krav vid intellektuell funktionsneds\u00e4ttning.<\/p>\n<p>\u2013 Det \u00e4r viktig att komma ih\u00e5g att om man har andra tillst\u00e5nd som kan p\u00e5verka k\u00f6rf\u00f6rm\u00e5gan negativt och som regleras i medicinf\u00f6reskrifterna kommer dessa \u00e4ven forts\u00e4ttningsvis att pr\u00f6vas, s\u00e4ger Josefin Hallenberg.<\/p>\n<p>F\u00f6r\u00e4ndringen g\u00e4ller fr\u00e5n och med 15 januari 2026.<\/p>\n<p>Fler nyheter<\/p>\n<p>Fr\u00e5n och med i dag g\u00e4ller ocks\u00e5 f\u00f6r\u00e4ndrade medicinska krav f\u00f6r k\u00f6rkort och alkohol.<\/p>\n<p>Tv\u00e5 svenska s\u00e4rkrav har tagits bort och endast alkoholberoende ses nu som grund f\u00f6r k\u00f6rkorts\u00e5terkallelse. Diagnosen alkoholmissbruk och ett \u201dsubstansbruk som inte \u00e4r tillf\u00e4lligt och som fr\u00e5n medicinsk synpunkt \u00e4r skadligt\u201d utg\u00f6r inte l\u00e4ngre ett hinder f\u00f6r k\u00f6rkort.<\/p>\n<p>Mer information<\/p>\n<p>Pressmeddelande: <a href=\"https:\/\/www.transportstyrelsen.se\/sv\/om-oss\/pressrum\/nyhetsarkiv\/2026\/beslut-forandrade-regler-kring-alkohol-och-korkort\/\" rel=\"nofollow noopener\" target=\"_blank\">Beslut: f\u00f6r\u00e4ndrade regler kring alkohol och k\u00f6rko<\/a>rt\u00a0<\/p>\n<p>Information: <a href=\"https:\/\/www.transportstyrelsen.se\/sv\/vagtrafik\/korkort\/har-korkort\/villkor-och-medicinska-krav\/korkort-och-alkohol\/\" rel=\"nofollow noopener\" target=\"_blank\">Alkohol och k\u00f6rkort<\/a><\/p>\n","protected":false},"excerpt":{"rendered":"&#13; \u00c4ndringen f\u00f6renklar f\u00f6r en stor grupp m\u00e4nniskor vid ans\u00f6kan om k\u00f6rkortstillst\u00e5nd. Foto: Transportstyrelsen&#13; Fr\u00e5n och med i&hellip;\n","protected":false},"author":2,"featured_media":136816,"comment_status":"","ping_status":"","sticky":false,"template":"","format":"standard","meta":{"footnotes":""},"categories":[12],"tags":[849,4455,22,23,26,27,17,21,13770,4469,24,25,28,29,15,16,4473,18,34,31,33,32,30,19,20],"class_list":{"0":"post-136815","1":"post","2":"type-post","3":"status-publish","4":"format-standard","5":"has-post-thumbnail","7":"category-sverige","8":"tag-adhd","9":"tag-autism","10":"tag-breaking-news","11":"tag-breakingnews","12":"tag-featured-news","13":"tag-featurednews","14":"tag-headlines","15":"tag-huvudnyheter","16":"tag-krkort","17":"tag-krkortstillstnd","18":"tag-latest-news","19":"tag-latestnews","20":"tag-main-news","21":"tag-mainnews","22":"tag-news","23":"tag-nyheter","24":"tag-regler","25":"tag-rubriker","26":"tag-se","27":"tag-svenska","28":"tag-sverige","29":"tag-sweden","30":"tag-swedish","31":"tag-top-stories","32":"tag-topstories"},"share_on_mastodon":{"url":"https:\/\/pubeurope.com\/@se\/115898579919956915","error":""},"_links":{"self":[{"href":"https:\/\/www.europesays.com\/se\/wp-json\/wp\/v2\/posts\/136815","targetHints":{"allow":["GET"]}}],"collection":[{"href":"https:\/\/www.europesays.com\/se\/wp-json\/wp\/v2\/posts"}],"about":[{"href":"https:\/\/www.europesays.com\/se\/wp-json\/wp\/v2\/types\/post"}],"author":[{"embeddable":true,"href":"https:\/\/www.europesays.com\/se\/wp-json\/wp\/v2\/users\/2"}],"replies":[{"embeddable":true,"href":"https:\/\/www.europesays.com\/se\/wp-json\/wp\/v2\/comments?post=136815"}],"version-history":[{"count":0,"href":"https:\/\/www.europesays.com\/se\/wp-json\/wp\/v2\/posts\/136815\/revisions"}],"wp:featuredmedia":[{"embeddable":true,"href":"https:\/\/www.europesays.com\/se\/wp-json\/wp\/v2\/media\/136816"}],"wp:attachment":[{"href":"https:\/\/www.europesays.com\/se\/wp-json\/wp\/v2\/media?parent=136815"}],"wp:term":[{"taxonomy":"category","embeddable":true,"href":"https:\/\/www.europesays.com\/se\/wp-json\/wp\/v2\/categories?post=136815"},{"taxonomy":"post_tag","embeddable":true,"href":"https:\/\/www.europesays.com\/se\/wp-json\/wp\/v2\/tags?post=136815"}],"curies":[{"name":"wp","href":"https:\/\/api.w.org\/{rel}","templated":true}]}}