{"id":136817,"date":"2026-01-15T10:12:21","date_gmt":"2026-01-15T10:12:21","guid":{"rendered":"https:\/\/www.europesays.com\/se\/136817\/"},"modified":"2026-01-15T10:12:21","modified_gmt":"2026-01-15T10:12:21","slug":"sverige-pa-pallen-i-stafetten-efter-rysare-skidskytte","status":"publish","type":"post","link":"https:\/\/www.europesays.com\/se\/136817\/","title":{"rendered":"Sverige p\u00e5 pallen i stafetten efter rysare | Skidskytte"},"content":{"rendered":"<p>Publicerad 14 jan 2026 kl 15.37Uppdaterad kl 18.10<\/p>\n<p>Sista stafetten innan OS.<\/p>\n<p>D\u00e5 blev Sverige trea \u2013 efter stor dramatik mellan Italien och Norge.<\/p>\n<p>\u2013 Vi f\u00e5r se om Italien v\u00e4ljer att l\u00e4mna in en protest, s\u00e4ger SVT:s Mona Brorsson.<\/p>\n<p><img   alt=\"\"\/><\/p>\n<p>Johanna Skottheim stod f\u00f6r en stark f\u00f6rsta str\u00e4cka.<\/p>\n<p>Foto: SVEN HOPPE  \/AP\/TT \/ AP TT NYHETSBYR\u00c5N<\/p>\n<p>\u00d6ppna bild i helsk\u00e4rm<img loading=\"lazy\"   alt=\"\"\/> <\/p>\n<p>Foto: SVEN HOPPE  \/AP\/TT \/ AP TT NYHETSBYR\u00c5N<\/p>\n<p>\u00d6ppna bild i helsk\u00e4rm<\/p>\n<p>F\u00f6rbundskapten Johannes Lukas valde att laborera om i det svenska stafettlaget p\u00e5 v\u00e4rldscupen i Ruhpolding.<\/p>\n<p>Johanna Skottheim och Linn Gestblom fick chansen framf\u00f6r Ella Halvarsson och Anna-Karin Heijdenberg.<\/p>\n<p>D\u00e5 stod de rutinerade \u00e5karna f\u00f6r tv\u00e5 kanonstr\u00e4ckor.\u00a0<\/p>\n<p>Skottheim beh\u00f6vde inte enda extraskott \u2013 medan Gestblom v\u00e4xlade \u00f6ver till Elvira \u00d6berg i ledning.<\/p>\n<p>\u00d6bergs strul p\u00e5 vallen: \u201dJag slarvar\u201d<\/p>\n<p>Under Elvira \u00d6bergs st\u00e5ende skytte uppstod ett ov\u00e4ntat problem. 26-\u00e5ringen tvingades ladda ett reservskott \u2013 innan hon skjutit klart de fem f\u00f6rsta skotten.<\/p>\n<p>\u2013 Jag v\u00e4xlar ut ett skott. S\u00e5 jag f\u00e5r plocka tre reservskott \u00e4nd\u00e5, s\u00e4ger hon i SVT och forts\u00e4tter:<\/p>\n<p><img loading=\"lazy\"   alt=\"\"\/> <\/p>\n<p>Foto: MATTHEW CHILDS \/ REUTERS BILDBYR\u00c5N<\/p>\n<p>\u00d6ppna bild i helsk\u00e4rm<\/p>\n<p>\u2013 Jag slarvar. Ibland kan det h\u00e4nda. Sen v\u00e4xlar jag ut ett till skott n\u00e4r jag har en tomhylsa. S\u00e5 jag hade bara fyra skott totalt i magasinet.<\/p>\n<p>Elvira \u00d6berg kunde dock v\u00e4xla \u00f6ver till syster Hanna \u00d6berg i ledning.<\/p>\n<p>Kontrovers p\u00e5 upploppet<\/p>\n<p>Och d\u00e5 blev det ett j\u00e4ttedrama p\u00e5 den sista str\u00e4ckan. Italien, Frankrike, Norge och Sverige gjorde alla upp om pallplatserna.<\/p>\n<p>Hanna \u00d6berg fixade en svensk tredjeplats.\u00a0<\/p>\n<p>D\u00e4r framf\u00f6r spurtade Norge ner Italien p\u00e5 upploppet. Men det var inte utan kontrovers. Maren Kirkeeide s\u00e5g n\u00e4mligen ut att kliva in framf\u00f6r Lisa Vittozzi p\u00e5 upploppet.\u00a0<\/p>\n<p>\u2013 Hon har kanske en halvmeters f\u00f6rspr\u00e5ng. Men man f\u00e5r byta korridor om man m\u00e5ste. Den \u00e4r regelr\u00e4tt, f\u00f6rklarar SVT:s Mona Brorsson.<\/p>\n<p>Experten till\u00e4gger:\u00a0<\/p>\n<p>\u2013 Men vi f\u00e5r se om de v\u00e4ljer att l\u00e4mna in en protest. Det g\u00e4ller ju att man g\u00f6r det.<\/p>\n<p>Kirkeeide ber om urs\u00e4kt f\u00f6r h\u00e4ndelsen.<\/p>\n<p>\u2013 Det var inte meningen. Det bara h\u00e4nde, f\u00f6r man var lite slut i huvudet, s\u00e4ger hon till <a href=\"https:\/\/www.svt.se\/sport\/skidskytte\/norskan-med-frackis-pa-upploppet-slut-i-huvudet\" rel=\"nofollow noopener\" target=\"_blank\">SVT<\/a>.<\/p>\n<p>Stafetten var den sista innan OS.<\/p>\n","protected":false},"excerpt":{"rendered":"Publicerad 14 jan 2026 kl 15.37Uppdaterad kl 18.10 Sista stafetten innan OS. D\u00e5 blev Sverige trea \u2013 efter&hellip;\n","protected":false},"author":2,"featured_media":136818,"comment_status":"","ping_status":"","sticky":false,"template":"","format":"standard","meta":{"footnotes":""},"categories":[5],"tags":[22,23,26,27,17,21,24,25,28,29,15,16,18,34,945,31,33,32,30,19,20],"class_list":{"0":"post-136817","1":"post","2":"type-post","3":"status-publish","4":"format-standard","5":"has-post-thumbnail","7":"category-rubriker","8":"tag-breaking-news","9":"tag-breakingnews","10":"tag-featured-news","11":"tag-featurednews","12":"tag-headlines","13":"tag-huvudnyheter","14":"tag-latest-news","15":"tag-latestnews","16":"tag-main-news","17":"tag-mainnews","18":"tag-news","19":"tag-nyheter","20":"tag-rubriker","21":"tag-se","22":"tag-sections-skidskytte","23":"tag-svenska","24":"tag-sverige","25":"tag-sweden","26":"tag-swedish","27":"tag-top-stories","28":"tag-topstories"},"share_on_mastodon":{"url":"https:\/\/pubeurope.com\/@se\/115898583846490840","error":""},"_links":{"self":[{"href":"https:\/\/www.europesays.com\/se\/wp-json\/wp\/v2\/posts\/136817","targetHints":{"allow":["GET"]}}],"collection":[{"href":"https:\/\/www.europesays.com\/se\/wp-json\/wp\/v2\/posts"}],"about":[{"href":"https:\/\/www.europesays.com\/se\/wp-json\/wp\/v2\/types\/post"}],"author":[{"embeddable":true,"href":"https:\/\/www.europesays.com\/se\/wp-json\/wp\/v2\/users\/2"}],"replies":[{"embeddable":true,"href":"https:\/\/www.europesays.com\/se\/wp-json\/wp\/v2\/comments?post=136817"}],"version-history":[{"count":0,"href":"https:\/\/www.europesays.com\/se\/wp-json\/wp\/v2\/posts\/136817\/revisions"}],"wp:featuredmedia":[{"embeddable":true,"href":"https:\/\/www.europesays.com\/se\/wp-json\/wp\/v2\/media\/136818"}],"wp:attachment":[{"href":"https:\/\/www.europesays.com\/se\/wp-json\/wp\/v2\/media?parent=136817"}],"wp:term":[{"taxonomy":"category","embeddable":true,"href":"https:\/\/www.europesays.com\/se\/wp-json\/wp\/v2\/categories?post=136817"},{"taxonomy":"post_tag","embeddable":true,"href":"https:\/\/www.europesays.com\/se\/wp-json\/wp\/v2\/tags?post=136817"}],"curies":[{"name":"wp","href":"https:\/\/api.w.org\/{rel}","templated":true}]}}