{"id":136825,"date":"2026-01-15T10:17:12","date_gmt":"2026-01-15T10:17:12","guid":{"rendered":"https:\/\/www.europesays.com\/se\/136825\/"},"modified":"2026-01-15T10:17:12","modified_gmt":"2026-01-15T10:17:12","slug":"maskininlarning-i-fokus-nar-campus-varberg-startar-ny-ai-utbildning","status":"publish","type":"post","link":"https:\/\/www.europesays.com\/se\/136825\/","title":{"rendered":"Maskininl\u00e4rning i fokus n\u00e4r Campus Varberg startar ny AI-utbildning"},"content":{"rendered":"<p>Campus Varberg f\u00e5r gr\u00f6nt ljus f\u00f6r ny spetsutbildning inom maskininl\u00e4rning n\u00e4r yrkesh\u00f6gskolan forts\u00e4tter att expandera trots os\u00e4ker arbetsmarknad.<\/p>\n<p>            den 15 januari 2026 10:22<\/p>\n<p>Beskedet kommer n\u00e4r Myndigheten f\u00f6r yrkesh\u00f6gskolan (MYH) presenterar resultatet av \u00e5rets ans\u00f6kningsomg\u00e5ng.<\/p>\n<p>Totalt beviljas Campus Varberg sex utbildningsstarter, varav tv\u00e5 \u00e4r helt nya. Den nya AI-utbildningen beskrivs som en spetsutbildning som ska m\u00f6ta den snabbt v\u00e4xande efterfr\u00e5gan p\u00e5 kompetens inom artificiell intelligens och maskininl\u00e4rning.<\/p>\n<p>                                                            Annons<\/p>\n<p>\u2013 AI-utvecklare \u00e4r en av de mest efterfr\u00e5gade rollerna i techbranschen. Utbildningen ligger helt r\u00e4tt i tiden, s\u00e4ger Micha Bj\u00f6rck, utvecklingsledare p\u00e5 Alexandersoninstitutet.<\/p>\n<p>Utbildningen har tagits fram i n\u00e4ra samverkan med techf\u00f6retag inom n\u00e4tverket Techarena Varberg och kompletterar Campus Varbergs befintliga utbildningar inom systemutveckling och dataanalys.<\/p>\n<p>                                                            Annons<\/p>\n<p>Enligt MYH forts\u00e4tter yrkesh\u00f6gskolan att expandera trots en tuff arbetsmarknad, f\u00f6r att b\u00e4ttre m\u00f6ta arbetslivets l\u00e5ngsiktiga kompetensbehov.<\/p>\n<p>\u2013 Vi valde att satsa p\u00e5 denna utbildning efter en unders\u00f6kning som vi gjort g\u00e4llande kompetensbehov hos techf\u00f6retag som finns i v\u00e5rt n\u00e4tverk genom Techarena Varberg. Denna utbildning ligger v\u00e4ldigt v\u00e4l i tiden d\u00e5 AI-utvecklare \u00e4r en av de mest efterfr\u00e5gade kompetenserna i techbranschen, s\u00e4ger Micha Bj\u00f6rck, utvecklingsledare p\u00e5 Alexandersoninstitutet.<\/p>\n<p>                                                            Annons<\/p>\n<p>Den andra nya utbildningen \u00e4r juridisk handl\u00e4ggare.<\/p>\n<p>                                                            Annons<br \/>\n                                                            Annons<\/p>\n<p>                                            <a v-for=\"(project, index) in projects\" v-show=\"index &lt; max || showAll\" v-bind:href=\"'https:\/\/www.projektagenten.se\/project\/' + project.id\" target=\"_blank\" class=\"article-project\"><\/p>\n<p>                                                {{ project.name }}<br \/>\n                                                L\u00e4s om projektet<br \/>\n                                            <\/a><\/p>\n<p>                                                Alla relaterade projekt<\/p>\n","protected":false},"excerpt":{"rendered":"Campus Varberg f\u00e5r gr\u00f6nt ljus f\u00f6r ny spetsutbildning inom maskininl\u00e4rning n\u00e4r yrkesh\u00f6gskolan forts\u00e4tter att expandera trots os\u00e4ker arbetsmarknad.&hellip;\n","protected":false},"author":2,"featured_media":136826,"comment_status":"","ping_status":"","sticky":false,"template":"","format":"standard","meta":{"footnotes":""},"categories":[65],"tags":[72,70,71,34,31,33,32,30],"class_list":{"0":"post-136825","1":"post","2":"type-post","3":"status-publish","4":"format-standard","5":"has-post-thumbnail","7":"category-ekonomi","8":"tag-business","9":"tag-economy","10":"tag-ekonomi","11":"tag-se","12":"tag-svenska","13":"tag-sverige","14":"tag-sweden","15":"tag-swedish"},"share_on_mastodon":{"url":"https:\/\/pubeurope.com\/@se\/115898603470592733","error":""},"_links":{"self":[{"href":"https:\/\/www.europesays.com\/se\/wp-json\/wp\/v2\/posts\/136825","targetHints":{"allow":["GET"]}}],"collection":[{"href":"https:\/\/www.europesays.com\/se\/wp-json\/wp\/v2\/posts"}],"about":[{"href":"https:\/\/www.europesays.com\/se\/wp-json\/wp\/v2\/types\/post"}],"author":[{"embeddable":true,"href":"https:\/\/www.europesays.com\/se\/wp-json\/wp\/v2\/users\/2"}],"replies":[{"embeddable":true,"href":"https:\/\/www.europesays.com\/se\/wp-json\/wp\/v2\/comments?post=136825"}],"version-history":[{"count":0,"href":"https:\/\/www.europesays.com\/se\/wp-json\/wp\/v2\/posts\/136825\/revisions"}],"wp:featuredmedia":[{"embeddable":true,"href":"https:\/\/www.europesays.com\/se\/wp-json\/wp\/v2\/media\/136826"}],"wp:attachment":[{"href":"https:\/\/www.europesays.com\/se\/wp-json\/wp\/v2\/media?parent=136825"}],"wp:term":[{"taxonomy":"category","embeddable":true,"href":"https:\/\/www.europesays.com\/se\/wp-json\/wp\/v2\/categories?post=136825"},{"taxonomy":"post_tag","embeddable":true,"href":"https:\/\/www.europesays.com\/se\/wp-json\/wp\/v2\/tags?post=136825"}],"curies":[{"name":"wp","href":"https:\/\/api.w.org\/{rel}","templated":true}]}}