{"id":136827,"date":"2026-01-15T10:19:21","date_gmt":"2026-01-15T10:19:21","guid":{"rendered":"https:\/\/www.europesays.com\/se\/136827\/"},"modified":"2026-01-15T10:19:21","modified_gmt":"2026-01-15T10:19:21","slug":"lundin-blev-en-positiv-kraft-i-omradet","status":"publish","type":"post","link":"https:\/\/www.europesays.com\/se\/136827\/","title":{"rendered":"Lundin blev en positiv kraft i omr\u00e5det"},"content":{"rendered":"<p class=\"boxtextgrotesk-root_baa6 hyperion-css-7pajle\">Uppdaterad 11.14 | Publicerad 05.50<\/p>\n<p>share-arrowDela<\/p>\n<p>unsaveSpara<\/p>\n<p>chevron-leftf\u00f6reg\u00e5ende<\/p>\n<ul class=\"carousel-container-viewport\" style=\"transform:translate3d(0%, 0, 0)\">\n<li class=\"carousel-slide\" style=\"z-index:1;filter:none(1);padding-bottom:66.68421%\"><img decoding=\"async\" class=\"image-asset hyperion-css-u06ts1\" data-test-tag=\"image-asset\" src=\"https:\/\/www.europesays.com\/se\/wp-content\/uploads\/2026\/01\/8aed139b-922a-461d-ace1-37ea390c647c.jpeg\"  alt=\"\"  fetchpriority=\"auto\" style=\"aspect-ratio:1900 \/ 1267\"\/><\/li>\n<li class=\"carousel-slide\" style=\"filter:none(0.3);padding-bottom:66.68421%\"><img decoding=\"async\" class=\"image-asset hyperion-css-u06ts1\" data-test-tag=\"image-asset\" src=\"https:\/\/www.europesays.com\/se\/wp-content\/uploads\/2026\/01\/4f77356a-4c2d-4cc7-bf91-766eef2ff2ff.jpeg\"  alt=\"\"  fetchpriority=\"auto\" style=\"aspect-ratio:1701 \/ 1250\"\/><\/li>\n<\/ul>\n<p>expand-left<\/p>\n<p>helsk\u00e4rmchevron-rightn\u00e4staCarl Bildt intervjuas av journalister utanf\u00f6r r\u00e4ttssalen i Stockholms tingsr\u00e4tt p\u00e5 torsdagen.<\/p>\n<p>1 \/ 2Foto: Henrik Montgomery\/TT<\/p>\n<p class=\"hyperion-css-1shl3oz\" data-test-tag=\"lead-text\">Den f\u00f6rre stats- och utrikesministern Carl Bildt h\u00f6rs under torsdagen som vittne i Lundinm\u00e5let i Stockholms tingsr\u00e4tt.<\/p>\n<p class=\"hyperion-css-1shl3oz\" data-test-tag=\"lead-text\">Bildt som var styrelseledamot i bolaget fr\u00e5gas ut om sin och andras k\u00e4nnedom om l\u00e4get i Sudan d\u00e5 Lundin Oil verkade i landet.<\/p>\n<p class=\"hyperion-css-1shl3oz\" data-test-tag=\"lead-text\">Han h\u00e4vdar att bolaget var en positiv kraft i omr\u00e5det.<\/p>\n<p class=\"hyperion-css-1v9qo5x\">Klockan 9.30 p\u00e5 torsdagen klev Carl Bildt i den fullpackade r\u00e4ttssalen och slog sig ned mitt i salen.<\/p>\n<p class=\"hyperion-css-1v9qo5x\">M\u00e5let g\u00e4ller medhj\u00e4lp till grovt folkr\u00e4ttsbrott i s\u00f6dra Sudan mellan 1999 och 2003, d\u00e5 svenska Lundin Oil var verksamt i omr\u00e5det.<\/p>\n<p>Nekar till brott<\/p>\n<p class=\"hyperion-css-1v9qo5x\">De tv\u00e5 \u00e5talade, Ian Lundin och Alex Schneiter, tidigare styrelseordf\u00f6rande respektive vd f\u00f6r bolaget har, enligt \u00e5klagarna, medverkat till att den d\u00e5varande sudanesiska regimen begick krigsbrott f\u00f6r att s\u00e4kra bolagets oljeverksamhet i de s\u00f6dra landsdelarna. Under stridigheterna f\u00f6rdrevs, skadades och d\u00f6dades m\u00e5nga civila. B\u00e5da nekar till brott.<\/p>\n<p class=\"hyperion-css-1v9qo5x\">Bildt var styrelseledamot i Lundin Oil fr\u00e5n 2000 till 2006, d\u00e5 han blev utrikesminister. F\u00f6rhandlingen har p\u00e5g\u00e5tt sedan h\u00f6sten 2023 och Bildt \u00e4r ett av ett hundratal vittnen som kallats.<\/p>\n<p class=\"hyperion-css-1v9qo5x\">\u00c5klagaren fr\u00e5gade varf\u00f6r han rekryterades. Troligen f\u00f6r att bidra med politisk kompetens, svarade Bildt.<\/p>\n<p>Varnade styrelsen<\/p>\n<p class=\"hyperion-css-1v9qo5x\">Han hade ingen djup k\u00e4nnedom om l\u00e4get i Sudan n\u00e4r han tackade ja till uppdraget och hade aldrig varit i landet, sade Bildt.<\/p>\n<p class=\"hyperion-css-1v9qo5x\">\u2013 Min bild av detaljerna av vad som p\u00e5gick d\u00e4r nere var begr\u00e4nsad. Det h\u00e4r var ju bara en del av f\u00f6retagets verksamhet.<\/p>\n<p class=\"hyperion-css-1v9qo5x\">\u00c5klagare Ewa Korpi st\u00e4llde en rad fr\u00e5gor om rapporter om strider som p\u00e5gick i omr\u00e5det d\u00e4r bolaget var verksamt. Bildt fick en fr\u00e5ga om han sett en rapport d\u00e4r det st\u00e5r att arm\u00e9n varit delaktiga i striderna i mars 2000.<\/p>\n<p class=\"hyperion-css-1v9qo5x\">\u2013 Att de \u00e4r delaktiga i inb\u00f6rdeskriget? Det kunde man l\u00e4sa i tidningen om inte annat. Det \u00e4r klart de var.<\/p>\n<p class=\"hyperion-css-1v9qo5x\">Men att de startar br\u00e4nder f\u00f6r att br\u00e4nna ut rebeller, k\u00e4nde du till det?<\/p>\n<p class=\"hyperion-css-1v9qo5x\">\u2013 Nej.<\/p>\n<p class=\"hyperion-css-1v9qo5x\">I pausen svarade han \u00e4ven p\u00e5 fr\u00e5gor fr\u00e5n journalister utanf\u00f6r r\u00e4ttssalen. Han sade d\u00e5 att han inte \u00e5ngrar sitt engagemang i bolaget och att \u00e4ven om oljeverksamhet kan bidra till att f\u00f6rv\u00e4rra konflikter, s\u00e5 kan det \u00e4ven g\u00f6ra det motsatta.<\/p>\n<p class=\"hyperion-css-1v9qo5x\">\u2013 Det bidrar till att utveckla l\u00e4nder. I dag har vi ju en situation i s\u00f6dra Sudan d\u00e4r oljan ocks\u00e5 \u00e4n v\u00e4lsignelse. Det \u00e4r 90 procent av statsinkomsterna. Jag har inte sett n\u00e5gon seri\u00f6s rapport som s\u00e4ger att oljan var orsak till krig.<\/p>\n<p class=\"hyperion-css-1v9qo5x\">Oljan var en faktor f\u00f6r fred och att det blev en freds\u00f6verenskommelse, s\u00e4ger han vidare.<\/p>\n<p class=\"hyperion-css-1v9qo5x\">P\u00e5 TT:s fr\u00e5ga om han anser att bolaget var en positiv kraft i omr\u00e5det svarar Bildt:<\/p>\n<p class=\"hyperion-css-1v9qo5x\">\u2013 Det kom att bli det, absolut.<\/p>\n<p>FAKTASveriges l\u00e4ngsta r\u00e4tteg\u00e5ng<\/p>\n<p class=\"hyperion-css-jonaf8\">R\u00e4tteg\u00e5ngen i det s\u00e5 kallade Lundinm\u00e5let har p\u00e5g\u00e5tt sedan september 2023 och \u00e4r den l\u00e4ngsta huvudf\u00f6rhandling som har h\u00e5llits i Sverige.<\/p>\n<p class=\"hyperion-css-jonaf8\">I m\u00e5let \u00e4r Ian Lundin och Alex Schneiter, tidigare f\u00f6retr\u00e4dare f\u00f6r Lundin Oil, \u00e5talade f\u00f6r medhj\u00e4lp till grovt folkr\u00e4ttsbrott i s\u00f6dra Sudan 1999\u20132003, d\u00e5 det svenska bolaget var verksamt i det inb\u00f6rdeskrigsdrabbade landet.<\/p>\n<p class=\"hyperion-css-jonaf8\">Enligt \u00e5talet hade de vetskap om och bidrog till att milit\u00e4r och regimtrogen milis d\u00f6dade och f\u00f6rdrev m\u00e4nniskor f\u00f6r att skapa f\u00f6ruts\u00e4ttningar \u00e5t Lundin Oils oljeprospektering i ett omr\u00e5de som sedan l\u00e4nge kontrollerades av rebeller.<\/p>\n<p class=\"hyperion-css-jonaf8\">Lundin och Schneiter har f\u00f6rnekat misstankarna och menar att \u00e5talet grundas p\u00e5 en l\u00e5ng rad faktafel. Ut\u00f6ver att bestrida medhj\u00e4lp s\u00e5 bestrids att det beg\u00e5tts den typ av krigsbrott som \u00e5talet g\u00f6r g\u00e4llande.<\/p>\n<p class=\"hyperion-css-jonaf8\">R\u00e4tteg\u00e5ngen ska avslutas i maj i \u00e5r.<\/p>\n<p>L\u00e4s mer<\/p>\n","protected":false},"excerpt":{"rendered":"Uppdaterad 11.14 | Publicerad 05.50 share-arrowDela unsaveSpara chevron-leftf\u00f6reg\u00e5ende expand-left helsk\u00e4rmchevron-rightn\u00e4staCarl Bildt intervjuas av journalister utanf\u00f6r r\u00e4ttssalen i Stockholms&hellip;\n","protected":false},"author":2,"featured_media":136828,"comment_status":"","ping_status":"","sticky":false,"template":"","format":"standard","meta":{"footnotes":""},"categories":[12],"tags":[22,23,26,27,17,21,24,25,28,29,15,16,18,34,31,33,32,30,19,20],"class_list":{"0":"post-136827","1":"post","2":"type-post","3":"status-publish","4":"format-standard","5":"has-post-thumbnail","7":"category-sverige","8":"tag-breaking-news","9":"tag-breakingnews","10":"tag-featured-news","11":"tag-featurednews","12":"tag-headlines","13":"tag-huvudnyheter","14":"tag-latest-news","15":"tag-latestnews","16":"tag-main-news","17":"tag-mainnews","18":"tag-news","19":"tag-nyheter","20":"tag-rubriker","21":"tag-se","22":"tag-svenska","23":"tag-sverige","24":"tag-sweden","25":"tag-swedish","26":"tag-top-stories","27":"tag-topstories"},"share_on_mastodon":{"url":"https:\/\/pubeurope.com\/@se\/115898611343964179","error":""},"_links":{"self":[{"href":"https:\/\/www.europesays.com\/se\/wp-json\/wp\/v2\/posts\/136827","targetHints":{"allow":["GET"]}}],"collection":[{"href":"https:\/\/www.europesays.com\/se\/wp-json\/wp\/v2\/posts"}],"about":[{"href":"https:\/\/www.europesays.com\/se\/wp-json\/wp\/v2\/types\/post"}],"author":[{"embeddable":true,"href":"https:\/\/www.europesays.com\/se\/wp-json\/wp\/v2\/users\/2"}],"replies":[{"embeddable":true,"href":"https:\/\/www.europesays.com\/se\/wp-json\/wp\/v2\/comments?post=136827"}],"version-history":[{"count":0,"href":"https:\/\/www.europesays.com\/se\/wp-json\/wp\/v2\/posts\/136827\/revisions"}],"wp:featuredmedia":[{"embeddable":true,"href":"https:\/\/www.europesays.com\/se\/wp-json\/wp\/v2\/media\/136828"}],"wp:attachment":[{"href":"https:\/\/www.europesays.com\/se\/wp-json\/wp\/v2\/media?parent=136827"}],"wp:term":[{"taxonomy":"category","embeddable":true,"href":"https:\/\/www.europesays.com\/se\/wp-json\/wp\/v2\/categories?post=136827"},{"taxonomy":"post_tag","embeddable":true,"href":"https:\/\/www.europesays.com\/se\/wp-json\/wp\/v2\/tags?post=136827"}],"curies":[{"name":"wp","href":"https:\/\/api.w.org\/{rel}","templated":true}]}}