{"id":136829,"date":"2026-01-15T10:20:16","date_gmt":"2026-01-15T10:20:16","guid":{"rendered":"https:\/\/www.europesays.com\/se\/136829\/"},"modified":"2026-01-15T10:20:16","modified_gmt":"2026-01-15T10:20:16","slug":"uv-forstarkning-och-utokade-kontroller-ska-mojliggora-havning-av-kokrekommendation","status":"publish","type":"post","link":"https:\/\/www.europesays.com\/se\/136829\/","title":{"rendered":"UV-f\u00f6rst\u00e4rkning och ut\u00f6kade kontroller ska m\u00f6jligg\u00f6ra h\u00e4vning av kokrekommendation"},"content":{"rendered":"<p class=\"font-normal\">\u2013 Vi kan nu tydligt beskriva vad som kr\u00e4vs f\u00f6r att h\u00e4va kokrekommendationen, hur l\u00e5ng tid det bed\u00f6ms ta och vilka tekniska \u00e5tg\u00e4rder som beh\u00f6ver genomf\u00f6ras. Allt detta bygger p\u00e5 analyser och provsvar som tagits fram tillsammans med det nationella beredskapslaboratoriet och i n\u00e4ra dialog med v\u00e5ra tillsynsmyndigheter, s\u00e4ger Patrik Johansson, enhetschef f\u00f6r dricksvattenenheten inom Region Gotland.<\/p>\n<p>Bakgrund till kokrekommendationen \u2013 h\u00f6ga niv\u00e5er av planktonorganismer och fynd av parasiter<\/p>\n<p class=\"font-normal\">Ett tj\u00e4nligt dricksvatten ska inte inneh\u00e5lla mikroorganismer, parasiter eller \u00e4mnen i halter som kan inneb\u00e4ra risk f\u00f6r m\u00e4nniskors h\u00e4lsa. Kokrekommendationen inf\u00f6rdes som en f\u00f6rsiktighets\u00e5tg\u00e4rd efter att planktonorganismer (tidigare ben\u00e4mnt bara organismer), p\u00e5tr\u00e4ffats i dricksvattnet.<\/p>\n<p class=\"font-normal\">Efter samr\u00e5d med tillsynsmyndigheten och Livsmedelsverket finns det i dag inget som tyder p\u00e5 att dessa planktonorganismer \u00e4r h\u00e4lsofarliga, \u00e4ven vid h\u00f6gre niv\u00e5er.<\/p>\n<p class=\"font-normal\">Den ut\u00f6kade provtagning som genomf\u00f6rdes enligt Region Gotlands egenkontrollprogram ledde dock till att ett mindre antal parasiter uppt\u00e4cktes, vilket gjorde att kokrekommendationen sk\u00e4rptes.<\/p>\n<p>\u00c5tg\u00e4rder f\u00f6r att h\u00e4va kokrekommendationen<\/p>\n<p class=\"font-normal\">F\u00f6r att kunna h\u00e4va kokrekommendationen kommer Region Gotland att:<\/p>\n<ul class=\" sol-bullet-list font-normal\">\n<li>f\u00f6rst\u00e4rka UV-behandlingen av dricksvattnet<\/li>\n<li>ut\u00f6ka kontrollprogrammet med fler analyser av indikatorbakterier<\/li>\n<\/ul>\n<p class=\"font-normal\">F\u00f6rst\u00e4rkningen av UV-behandlingen ber\u00e4knas ta cirka en m\u00e5nad. Dessa \u00e5tg\u00e4rder f\u00f6rhindrar att parasiter som kan orsaka sjukdomar f\u00f6rekommer i dricksvattnet och \u00e4r grunden f\u00f6r att vattnet \u00e5ter ska kunna anv\u00e4ndas utan kokning.<\/p>\n<p class=\"font-normal\">\u2013 Parallellt genomf\u00f6r vi ytterligare \u00e5tg\u00e4rder f\u00f6r att f\u00f6rb\u00e4ttra vattenkvaliteten, bland annat fortsatt filtrering f\u00f6r att minska niv\u00e5erna av planktonorganismer, spolning av ledningar samt planering av ett tillf\u00e4lligt vattenverk. Det minskar risken f\u00f6r liknande h\u00e4ndelser innan l\u00e5ngsiktiga l\u00f6sningar \u00e4r p\u00e5 plats, s\u00e4ger Patrik Johansson, enhetschef f\u00f6r dricksvattenenheten inom Region Gotland.<\/p>\n<p>Orsak till kvalitetsproblem och l\u00e5ngsiktigt arbete<\/p>\n<p class=\"font-normal\">Kvalitetsproblemen tros bero p\u00e5 flera faktorer som samverkar. Klimatf\u00f6r\u00e4ndringarna g\u00f6r att vattenf\u00f6rs\u00f6rjningen uts\u00e4tts f\u00f6r st\u00f6rre p\u00e5frestningar, till exempel genom kraftigare regn, snabbare fl\u00f6den och st\u00f6rre variationer i r\u00e5vattnets kvalitet. Samtidigt \u00e4r stora delar av Sveriges vatten- och avloppssystem byggda f\u00f6r ett annat klimat, vilket inneb\u00e4r att marginalerna blir mindre n\u00e4r f\u00f6ruts\u00e4ttningarna f\u00f6r\u00e4ndras.<\/p>\n<p class=\"font-normal\">De planktonorganismer och parasiter som uppt\u00e4ckts har identifierats genom ut\u00f6kad provtagning inom Region Gotlands egenkontroll. Utredningen av orsakerna p\u00e5g\u00e5r fortfarande.<\/p>\n<p class=\"font-normal\">Lise Langseth, f\u00f6rvaltningsdirekt\u00f6r f\u00f6r teknik- och samh\u00e4llsbyggnadsf\u00f6rvaltningen inom Region Gotland och h\u00e4ndelsechef, betonar att detta inte \u00e4r en fr\u00e5ga som bara ber\u00f6r Gotland.<\/p>\n<p class=\"font-normal\">\u2013 Det h\u00e4r ang\u00e5r hela VA-Sverige. I dag saknas nationella riktlinjer f\u00f6r hur fynd av planktonorganismer ska hanteras, och genom det arbete som nu g\u00f6rs p\u00e5 Gotland bidrar vi till att utveckla arbetss\u00e4tt och kunskap som kan bli v\u00e4gledande \u00e4ven f\u00f6r andra kommuner, s\u00e4ger Lise Langseth<\/p>\n<p>Ett omfattande arbete och ett samh\u00e4lle som h\u00e5ller ihop<\/p>\n<p class=\"font-normal\">Hanteringen av situationen visar p\u00e5 en enighet mellan lokala och nationella myndigheter samt stor uth\u00e5llighet inom Region Gotland.<\/p>\n<p class=\"font-normal\">\u2013 Drifttekniker, laboratoriepersonal och VA-personal har arbetat under mycket h\u00f6g belastning under l\u00e5ng tid. M\u00e5nga har arbetat kv\u00e4llar, n\u00e4tter och helger f\u00f6r att s\u00e4kra processerna och se till att vattnet ska kunna anv\u00e4ndas utan kokning s\u00e5 snart som m\u00f6jligt igen, s\u00e4ger Lise Langseth, f\u00f6rvaltningsdirekt\u00f6r f\u00f6r teknik- och samh\u00e4llsbyggnadsf\u00f6rvaltningen<\/p>\n<p class=\"font-normal\">Samtidigt har allm\u00e4nheten och n\u00e4ringslivet visat stort engagemang.<\/p>\n<p class=\"font-normal\">\u2013 Det ansvarstagande och den uth\u00e5llighet vi ser hos b\u00e5de inv\u00e5nare och verksamheter \u00e4r en viktig del av att vi klarar den h\u00e4r situationen tillsammans. Det visar att samh\u00e4llet h\u00e5ller ihop \u00e4ven n\u00e4r vi pr\u00f6vas, s\u00e4ger Lise Langseth.<\/p>\n<p class=\"font-normal\">Region Gotland har beslutat att st\u00e4lla ut ytterligare en dricksvattentank med placering p\u00e5 Gr\u00e5botorg i Visby. Information om adress kommer att ges n\u00e4r den \u00e4r p\u00e5 plats.<\/p>\n<p>Mer information<\/p>\n","protected":false},"excerpt":{"rendered":"\u2013 Vi kan nu tydligt beskriva vad som kr\u00e4vs f\u00f6r att h\u00e4va kokrekommendationen, hur l\u00e5ng tid det bed\u00f6ms&hellip;\n","protected":false},"author":2,"featured_media":136830,"comment_status":"","ping_status":"","sticky":false,"template":"","format":"standard","meta":{"footnotes":""},"categories":[5],"tags":[22,23,26,27,17,21,24,25,28,29,15,16,18,34,31,33,32,30,19,20],"class_list":{"0":"post-136829","1":"post","2":"type-post","3":"status-publish","4":"format-standard","5":"has-post-thumbnail","7":"category-rubriker","8":"tag-breaking-news","9":"tag-breakingnews","10":"tag-featured-news","11":"tag-featurednews","12":"tag-headlines","13":"tag-huvudnyheter","14":"tag-latest-news","15":"tag-latestnews","16":"tag-main-news","17":"tag-mainnews","18":"tag-news","19":"tag-nyheter","20":"tag-rubriker","21":"tag-se","22":"tag-svenska","23":"tag-sverige","24":"tag-sweden","25":"tag-swedish","26":"tag-top-stories","27":"tag-topstories"},"share_on_mastodon":{"url":"https:\/\/pubeurope.com\/@se\/115898615239421707","error":""},"_links":{"self":[{"href":"https:\/\/www.europesays.com\/se\/wp-json\/wp\/v2\/posts\/136829","targetHints":{"allow":["GET"]}}],"collection":[{"href":"https:\/\/www.europesays.com\/se\/wp-json\/wp\/v2\/posts"}],"about":[{"href":"https:\/\/www.europesays.com\/se\/wp-json\/wp\/v2\/types\/post"}],"author":[{"embeddable":true,"href":"https:\/\/www.europesays.com\/se\/wp-json\/wp\/v2\/users\/2"}],"replies":[{"embeddable":true,"href":"https:\/\/www.europesays.com\/se\/wp-json\/wp\/v2\/comments?post=136829"}],"version-history":[{"count":0,"href":"https:\/\/www.europesays.com\/se\/wp-json\/wp\/v2\/posts\/136829\/revisions"}],"wp:featuredmedia":[{"embeddable":true,"href":"https:\/\/www.europesays.com\/se\/wp-json\/wp\/v2\/media\/136830"}],"wp:attachment":[{"href":"https:\/\/www.europesays.com\/se\/wp-json\/wp\/v2\/media?parent=136829"}],"wp:term":[{"taxonomy":"category","embeddable":true,"href":"https:\/\/www.europesays.com\/se\/wp-json\/wp\/v2\/categories?post=136829"},{"taxonomy":"post_tag","embeddable":true,"href":"https:\/\/www.europesays.com\/se\/wp-json\/wp\/v2\/tags?post=136829"}],"curies":[{"name":"wp","href":"https:\/\/api.w.org\/{rel}","templated":true}]}}