{"id":136837,"date":"2026-01-15T10:25:13","date_gmt":"2026-01-15T10:25:13","guid":{"rendered":"https:\/\/www.europesays.com\/se\/136837\/"},"modified":"2026-01-15T10:25:13","modified_gmt":"2026-01-15T10:25:13","slug":"matpriserna-fortsatte-upp-2025-trots-lagre-inflation","status":"publish","type":"post","link":"https:\/\/www.europesays.com\/se\/136837\/","title":{"rendered":"Matpriserna fortsatte upp 2025 trots l\u00e4gre inflation"},"content":{"rendered":"<p>&#13;<br \/>\n                        Livsmedel och alkoholfria drycker var i december 3,7 procent dyrare \u00e4n ett \u00e5r tidigare, j\u00e4mf\u00f6rt med 1,1 procent \u00e5ret f\u00f6re. Dock v\u00e4sentligt l\u00e4gre \u00e4n prisuppg\u00e5ngen om 18,2 procent 2022. <\/p>\n<p>\u2013 Uppg\u00e5ngen var l\u00e4gre om man j\u00e4mf\u00f6r med f\u00f6r ett par \u00e5r sedan, men h\u00f6gre \u00e4n 2024. Livsmedelspriserna tillsammans med alkoholfria drycker \u00f6kade med 3,7 procent i december 2025 j\u00e4mf\u00f6rt med samma m\u00e5nad 2024, s\u00e4ger Caroline Neander, prisstatistiker p\u00e5 SCB.<\/p>\n<p>Livsmedel \u00f6kade med 3,1 procent medan alkoholfria drycker steg 8,4 procent under 2025. <\/p>\n<p>\u2013 Sett \u00f6ver \u00e5ret \u00e4r pris\u00f6kningarna mest markanta f\u00f6r varugruppen kaffe, te och chokladdrycker, med en uppg\u00e5ng p\u00e5 drygt 20 procent, s\u00e4ger Caroline Neander.<\/p>\n<p>Gr\u00f6nsakspriserna l\u00e5g stilla medan fruktpriserna sj\u00f6nk med 2 procent. S\u00f6tsaker och glass \u00f6kade med 7,1 procent och k\u00f6tt med 6,5 procent.&#13;\n                    <\/p>\n","protected":false},"excerpt":{"rendered":"&#13; Livsmedel och alkoholfria drycker var i december 3,7 procent dyrare \u00e4n ett \u00e5r tidigare, j\u00e4mf\u00f6rt med 1,1&hellip;\n","protected":false},"author":2,"featured_media":125975,"comment_status":"","ping_status":"","sticky":false,"template":"","format":"standard","meta":{"footnotes":""},"categories":[65],"tags":[72,70,71,454,453,451,452,34,31,33,32,30,455],"class_list":{"0":"post-136837","1":"post","2":"type-post","3":"status-publish","4":"format-standard","5":"has-post-thumbnail","7":"category-ekonomi","8":"tag-business","9":"tag-economy","10":"tag-ekonomi","11":"tag-ekonomisk-analys","12":"tag-finans","13":"tag-finansiella-nyheter","14":"tag-investera","15":"tag-se","16":"tag-svenska","17":"tag-sverige","18":"tag-sweden","19":"tag-swedish","20":"tag-trading"},"share_on_mastodon":{"url":"https:\/\/pubeurope.com\/@se\/115898634925991008","error":""},"_links":{"self":[{"href":"https:\/\/www.europesays.com\/se\/wp-json\/wp\/v2\/posts\/136837","targetHints":{"allow":["GET"]}}],"collection":[{"href":"https:\/\/www.europesays.com\/se\/wp-json\/wp\/v2\/posts"}],"about":[{"href":"https:\/\/www.europesays.com\/se\/wp-json\/wp\/v2\/types\/post"}],"author":[{"embeddable":true,"href":"https:\/\/www.europesays.com\/se\/wp-json\/wp\/v2\/users\/2"}],"replies":[{"embeddable":true,"href":"https:\/\/www.europesays.com\/se\/wp-json\/wp\/v2\/comments?post=136837"}],"version-history":[{"count":0,"href":"https:\/\/www.europesays.com\/se\/wp-json\/wp\/v2\/posts\/136837\/revisions"}],"wp:featuredmedia":[{"embeddable":true,"href":"https:\/\/www.europesays.com\/se\/wp-json\/wp\/v2\/media\/125975"}],"wp:attachment":[{"href":"https:\/\/www.europesays.com\/se\/wp-json\/wp\/v2\/media?parent=136837"}],"wp:term":[{"taxonomy":"category","embeddable":true,"href":"https:\/\/www.europesays.com\/se\/wp-json\/wp\/v2\/categories?post=136837"},{"taxonomy":"post_tag","embeddable":true,"href":"https:\/\/www.europesays.com\/se\/wp-json\/wp\/v2\/tags?post=136837"}],"curies":[{"name":"wp","href":"https:\/\/api.w.org\/{rel}","templated":true}]}}