{"id":136838,"date":"2026-01-15T10:26:13","date_gmt":"2026-01-15T10:26:13","guid":{"rendered":"https:\/\/www.europesays.com\/se\/136838\/"},"modified":"2026-01-15T10:26:13","modified_gmt":"2026-01-15T10:26:13","slug":"trumps-hot-skrammer-gronlandare-beslut-maste-tas-med-oss","status":"publish","type":"post","link":"https:\/\/www.europesays.com\/se\/136838\/","title":{"rendered":"Trumps hot skr\u00e4mmer gr\u00f6nl\u00e4ndare: \u201dBeslut m\u00e5ste tas med oss\u201d"},"content":{"rendered":"<p>USA:s president Donald Trump menar att USA beh\u00f6ver Gr\u00f6nland f\u00f6r sin s\u00e4kerhet. Tonl\u00e4get har efter hand h\u00f6jts och Trump har vid ett flertal tillf\u00e4llen sagt att Gr\u00f6nland ska bli amerikansk mark. Det skr\u00e4mmer Miyuki Daorana, som studerar antropologi och urfolksstudier p\u00e5 universitetet i Troms\u00f6. <\/p>\n<p>\u2013 Jag \u00e4r orolig varje morgon n\u00e4r jag vaknar, d\u00e5 jag tittar p\u00e5 nyheterna vad som har h\u00e4nt och vad som kan h\u00e4nda, s\u00e4ger hon.<\/p>\n<p>\u201dEn del planerar att fly\u201d<\/p>\n<p>Det var i augusti 2019, under Trumps f\u00f6rsta presidentperiod som han f\u00f6rsta g\u00e5ngen framh\u00f6ll att han vill ha Gr\u00f6nland. <\/p>\n<p>\u2013 N\u00e4r han var president f\u00f6rsta g\u00e5ngen, d\u00e5 tog vi det som ett sk\u00e4mt. Vi skrattade \u00e5t det och en del memes cirkulerade. Men den h\u00e4r g\u00e5ngen \u00e4r det allvar, en del inuiter p\u00e5 Gr\u00f6nland planerar att fly eller f\u00f6rbereder sig f\u00f6r vad som kan kunna h\u00e4nda, s\u00e4ger Daorana. <\/p>\n<p>M\u00e5nga l\u00e4nder st\u00f6ttar Gr\u00f6nland<\/p>\n<p>Alla nordiska l\u00e4nder och ett flertal EU-l\u00e4nder har st\u00e4llt sig bakom Gr\u00f6nland och Danmark. <\/p>\n<p>\u2013 Fler l\u00e4nder s\u00e4ger att de vill f\u00f6rsvara Gr\u00f6nland och till och med s\u00e4nda trupper. De diskussionerna m\u00e5ste h\u00e5llas med Gr\u00f6nlands folk. Beslut m\u00e5ste tas med oss annars blir det \u00e4nnu mer os\u00e4kert och oroande \u00e4n det redan \u00e4r, s\u00e4ger Daorana.<\/p>\n<p>V\u00e4xte upp i tv\u00e5ngsf\u00f6rflyttad by<\/p>\n<p>Miyuki Daorana kommer fr\u00e5n byn Qaanaaq som etablerades 1951 efter ett avtal mellan USA och Danmark om milit\u00e4rbasen Thule air base. P\u00e5 platsen d\u00e4r milit\u00e4rbasen ligger fanns redan en by, Pituffik. M\u00e4nniskorna i byn blev tv\u00e5ngsf\u00f6rflyttade till en plats 12 mil norrut och byn Qaanaaq v\u00e4xte fram. <\/p>\n<p>\u2013 Etablerandet av milit\u00e4rbasen \u00e4r ett best\u00e5ende trauma och ett brott mot urfolks- och m\u00e4nskliga r\u00e4ttigheter. V\u00e5ra f\u00f6rf\u00e4der och deras familjer tvingades iv\u00e4g och fick bara tre dagar p\u00e5 sig att packa ihop sina tillh\u00f6righeter och l\u00e4mna byn. Husen br\u00e4ndes, ber\u00e4ttar Daorena.<\/p>\n<p>Milit\u00e4rbasen och dess verksamhet p\u00e5verkar fortfarande byborna i Qaanaq, menar hon. B\u00e5de genom att de har f\u00f6rlorat sina marker och sin livsmilj\u00f6. \u00c4ven kunskap och traditioner har g\u00e5tt f\u00f6rlorade n\u00e4r byborna blev tv\u00e5ngsf\u00f6rflyttade. Och hon menar att kommunikationen mellan milit\u00e4rbasen och Qaanaaq-borna borde kunna f\u00f6rb\u00e4ttras. <\/p>\n<p>\u2013 Alla dessa stora beslut om milit\u00e4rbasen och annan milit\u00e4r verksamhet har tagits utan urfolkets inblandning.<\/p>\n","protected":false},"excerpt":{"rendered":"USA:s president Donald Trump menar att USA beh\u00f6ver Gr\u00f6nland f\u00f6r sin s\u00e4kerhet. Tonl\u00e4get har efter hand h\u00f6jts och&hellip;\n","protected":false},"author":2,"featured_media":136839,"comment_status":"","ping_status":"","sticky":false,"template":"","format":"standard","meta":{"footnotes":""},"categories":[14],"tags":[22,23,26,27,17,21,24,25,28,29,15,16,18,34,31,33,32,30,19,20,51,52,53,54],"class_list":{"0":"post-136838","1":"post","2":"type-post","3":"status-publish","4":"format-standard","5":"has-post-thumbnail","7":"category-varlden","8":"tag-breaking-news","9":"tag-breakingnews","10":"tag-featured-news","11":"tag-featurednews","12":"tag-headlines","13":"tag-huvudnyheter","14":"tag-latest-news","15":"tag-latestnews","16":"tag-main-news","17":"tag-mainnews","18":"tag-news","19":"tag-nyheter","20":"tag-rubriker","21":"tag-se","22":"tag-svenska","23":"tag-sverige","24":"tag-sweden","25":"tag-swedish","26":"tag-top-stories","27":"tag-topstories","28":"tag-varlden","29":"tag-world","30":"tag-world-news","31":"tag-worldnews"},"share_on_mastodon":{"url":"https:\/\/pubeurope.com\/@se\/115898638877649738","error":""},"_links":{"self":[{"href":"https:\/\/www.europesays.com\/se\/wp-json\/wp\/v2\/posts\/136838","targetHints":{"allow":["GET"]}}],"collection":[{"href":"https:\/\/www.europesays.com\/se\/wp-json\/wp\/v2\/posts"}],"about":[{"href":"https:\/\/www.europesays.com\/se\/wp-json\/wp\/v2\/types\/post"}],"author":[{"embeddable":true,"href":"https:\/\/www.europesays.com\/se\/wp-json\/wp\/v2\/users\/2"}],"replies":[{"embeddable":true,"href":"https:\/\/www.europesays.com\/se\/wp-json\/wp\/v2\/comments?post=136838"}],"version-history":[{"count":0,"href":"https:\/\/www.europesays.com\/se\/wp-json\/wp\/v2\/posts\/136838\/revisions"}],"wp:featuredmedia":[{"embeddable":true,"href":"https:\/\/www.europesays.com\/se\/wp-json\/wp\/v2\/media\/136839"}],"wp:attachment":[{"href":"https:\/\/www.europesays.com\/se\/wp-json\/wp\/v2\/media?parent=136838"}],"wp:term":[{"taxonomy":"category","embeddable":true,"href":"https:\/\/www.europesays.com\/se\/wp-json\/wp\/v2\/categories?post=136838"},{"taxonomy":"post_tag","embeddable":true,"href":"https:\/\/www.europesays.com\/se\/wp-json\/wp\/v2\/tags?post=136838"}],"curies":[{"name":"wp","href":"https:\/\/api.w.org\/{rel}","templated":true}]}}