{"id":136842,"date":"2026-01-15T10:28:15","date_gmt":"2026-01-15T10:28:15","guid":{"rendered":"https:\/\/www.europesays.com\/se\/136842\/"},"modified":"2026-01-15T10:28:15","modified_gmt":"2026-01-15T10:28:15","slug":"beslut-kring-lodjursjakten-i-kronoberg-2026","status":"publish","type":"post","link":"https:\/\/www.europesays.com\/se\/136842\/","title":{"rendered":"Beslut kring lodjursjakten i Kronoberg 2026"},"content":{"rendered":"<p>Under torsdagen presenterade L\u00e4nsstyrelsen Kronoberg besluten kring \u00e5rets licensjakt p\u00e5 lodjur i l\u00e4net.<\/p>\n<p>Totalt \u00e5tta djur, varav max tre honor i reproduktiv \u00e5lder, allts\u00e5 honor \u00f6ver 14 kilo, kommer f\u00e5r f\u00e4llas. Villkoren till beslutet \u00e4r st\u00e4llda utifr\u00e5n Naturv\u00e5rdsverkets regler och allm\u00e4nna r\u00e5d.<\/p>\n<p>\u00c5rets jakt genomf\u00f6rs i de delar av l\u00e4net som ligger \u00f6ster om E4. Jakten p\u00e5g\u00e5r under mars m\u00e5nad, men kommer att stoppas av L\u00e4nsstyrelsen direkt n\u00e4r tilldelningen fyllts.<\/p>\n<p>Str\u00e4nga regler<\/p>\n<p>De j\u00e4gare som deltar m\u00e5ste anm\u00e4la sig till Naturv\u00e5rdsverket och ringa L\u00e4nsstyrelsens telefonsvarare minst en g\u00e5ng i timmen f\u00f6r att s\u00e4kerst\u00e4lla att jakten inte har stoppats.<\/p>\n<p>\u2013 I \u00e5r fokuserar vi lodjursjakten till de omr\u00e5den runt Eneryda d\u00e4r det har varit m\u00e5nga angrepp p\u00e5 tamboskap. Angreppen har skapat problem och stora kostnader f\u00f6r lantbrukare med f\u00e5r och man har inte lyckats minska risken f\u00f6r \u00e5terkommande angrepp genom skyddsjakt, s\u00e4ger Magnus Lundmark, naturskyddshandl\u00e4ggare i ett pressmeddelande.<\/p>\n","protected":false},"excerpt":{"rendered":"Under torsdagen presenterade L\u00e4nsstyrelsen Kronoberg besluten kring \u00e5rets licensjakt p\u00e5 lodjur i l\u00e4net. Totalt \u00e5tta djur, varav max&hellip;\n","protected":false},"author":2,"featured_media":136843,"comment_status":"","ping_status":"","sticky":false,"template":"","format":"standard","meta":{"footnotes":""},"categories":[5],"tags":[22,23,26,27,17,21,24,25,28,29,15,16,18,34,31,33,32,30,19,20],"class_list":{"0":"post-136842","1":"post","2":"type-post","3":"status-publish","4":"format-standard","5":"has-post-thumbnail","7":"category-rubriker","8":"tag-breaking-news","9":"tag-breakingnews","10":"tag-featured-news","11":"tag-featurednews","12":"tag-headlines","13":"tag-huvudnyheter","14":"tag-latest-news","15":"tag-latestnews","16":"tag-main-news","17":"tag-mainnews","18":"tag-news","19":"tag-nyheter","20":"tag-rubriker","21":"tag-se","22":"tag-svenska","23":"tag-sverige","24":"tag-sweden","25":"tag-swedish","26":"tag-top-stories","27":"tag-topstories"},"share_on_mastodon":{"url":"https:\/\/pubeurope.com\/@se\/115898646708090089","error":""},"_links":{"self":[{"href":"https:\/\/www.europesays.com\/se\/wp-json\/wp\/v2\/posts\/136842","targetHints":{"allow":["GET"]}}],"collection":[{"href":"https:\/\/www.europesays.com\/se\/wp-json\/wp\/v2\/posts"}],"about":[{"href":"https:\/\/www.europesays.com\/se\/wp-json\/wp\/v2\/types\/post"}],"author":[{"embeddable":true,"href":"https:\/\/www.europesays.com\/se\/wp-json\/wp\/v2\/users\/2"}],"replies":[{"embeddable":true,"href":"https:\/\/www.europesays.com\/se\/wp-json\/wp\/v2\/comments?post=136842"}],"version-history":[{"count":0,"href":"https:\/\/www.europesays.com\/se\/wp-json\/wp\/v2\/posts\/136842\/revisions"}],"wp:featuredmedia":[{"embeddable":true,"href":"https:\/\/www.europesays.com\/se\/wp-json\/wp\/v2\/media\/136843"}],"wp:attachment":[{"href":"https:\/\/www.europesays.com\/se\/wp-json\/wp\/v2\/media?parent=136842"}],"wp:term":[{"taxonomy":"category","embeddable":true,"href":"https:\/\/www.europesays.com\/se\/wp-json\/wp\/v2\/categories?post=136842"},{"taxonomy":"post_tag","embeddable":true,"href":"https:\/\/www.europesays.com\/se\/wp-json\/wp\/v2\/tags?post=136842"}],"curies":[{"name":"wp","href":"https:\/\/api.w.org\/{rel}","templated":true}]}}