{"id":136846,"date":"2026-01-15T10:31:07","date_gmt":"2026-01-15T10:31:07","guid":{"rendered":"https:\/\/www.europesays.com\/se\/136846\/"},"modified":"2026-01-15T10:31:07","modified_gmt":"2026-01-15T10:31:07","slug":"saga-scott-gor-comeback-i-nya-tv4-programmet-hela-vagen","status":"publish","type":"post","link":"https:\/\/www.europesays.com\/se\/136846\/","title":{"rendered":"Saga Scott g\u00f6r comeback i nya TV4-programmet Hela v\u00e4gen"},"content":{"rendered":"<p>Publicerad 15 jan 2026 kl 09.00<\/p>\n<p>Saga Scott g\u00f6r comeback i tv.\u00a0<\/p>\n<p>Tillsammans med sin f\u00e4stman travkusken och tr\u00e4naren Adrian Kolgjini visar de upp sitt liv i den nya TV4-realityn \u201dHela v\u00e4gen\u201d.\u00a0<\/p>\n<p><img   alt=\"\"\/><\/p>\n<p>Saga Scott med k\u00e4rleken.<\/p>\n<p>Foto: Robert Jadenfeldt \/ TV4<\/p>\n<p>\u00d6ppna bild i helsk\u00e4rm<img loading=\"lazy\"   alt=\"\"\/><\/p>\n<p>Tittarna f\u00e5r nu f\u00f6lja deras liv.<\/p>\n<p>Foto: Robert Jadenfeldt \/ TV4<\/p>\n<p>\u00d6ppna bild i helsk\u00e4rm<\/p>\n<p>Nu kan Expressen ber\u00e4tta att TV4 g\u00f6r den nya satsningen \u201dHela v\u00e4gen\u201d.\u00a0<\/p>\n<p>I april f\u00e5r tittarna en unik inblick i travsportens v\u00e4rld \u2013 och den tidigare \u201dParadise hotel\u201d-deltagaren <a href=\"https:\/\/www.expressen.se\/tagg\/person\/saga-scott\/\" class=\"\" rel=\"nofollow noopener\" target=\"_blank\">Saga Scott<\/a> g\u00f6r comeback i tv.\u00a0<\/p>\n<p>Hon \u00e4r f\u00f6rlovad med travkusken och tr\u00e4naren Adrian Kolgjini \u2013 och tillsammans l\u00e5ter de kamerorna f\u00f6lja deras vardag, b\u00e5de p\u00e5 och utanf\u00f6r travbanan.<\/p>\n<p>\u2013 Det har varit en rolig och m\u00e4rklig upplevelse. Filmteamet blev en del av min och Sagas vardag och det ska bli sp\u00e4nnande att se hur v\u00e5rt liv, och jag sj\u00e4lv, upplevs av tittarna. Jag har synts i rutan f\u00f6rr, men aldrig p\u00e5 det h\u00e4r s\u00e4ttet. Jag hoppas att det bidrar till att fler f\u00e5r upp \u00f6gonen f\u00f6r sporten jag lever f\u00f6r, s\u00e4ger Adrian Kolgjini.\u00a0<\/p>\n<p>\u201dEn v\u00e4rld som inte liknar n\u00e5gon annan\u201d<\/p>\n<p>\u201dHela v\u00e4gen\u201d skildrar m\u00e4nniskorna i och kring travsporten ur ett nytt perspektiv, med fokus p\u00e5 k\u00e4nslor, dramatik och gemenskap. \u00a0<\/p>\n<p>\u2013 Travsporten \u00e4r en v\u00e4rld som inte liknar n\u00e5gon annan, fylld av k\u00e4nslor, dramatik och enormt dedikerade, karakt\u00e4rsstarka personer. Att vi nu i \u201dHela v\u00e4gen\u201d f\u00e5r komma n\u00e4ra och underh\u00e5llas av den h\u00e4r ibland helt galna v\u00e4rlden k\u00e4nns v\u00e4ldigt kul, s\u00e4ger Joel Bendrik, exekutiv producent p\u00e5 TV4.<\/p>\n<p>F\u00f6rutom familjen Kolgjini f\u00e5r tittarna \u00e4ven f\u00f6lja flera k\u00e4nda tr\u00e4nare, kuskar, h\u00e4st\u00e4gare och andra akt\u00f6rer fr\u00e5n trav-Sverige.<\/p>\n<p>\u2013 Det h\u00e4r \u00e4r en chans att visa hur mycket arbete, kunskap och hj\u00e4rta som ligger bakom varje start. Travsporten \u00e4r mer \u00e4n t\u00e4vlingar \u2013 det \u00e4r en unik livsstil och en gemenskap som kr\u00e4ver stora uppoffringar, s\u00e4ger Tomas Fyhr, marknads- och kommunikationschef p\u00e5 Svensk Travsport.<\/p>\n","protected":false},"excerpt":{"rendered":"Publicerad 15 jan 2026 kl 09.00 Saga Scott g\u00f6r comeback i tv.\u00a0 Tillsammans med sin f\u00e4stman travkusken och&hellip;\n","protected":false},"author":2,"featured_media":136847,"comment_status":"","ping_status":"","sticky":false,"template":"","format":"standard","meta":{"footnotes":""},"categories":[67],"tags":[104,13772,13771,34,31,33,32,30,310,218,105],"class_list":{"0":"post-136846","1":"post","2":"type-post","3":"status-publish","4":"format-standard","5":"has-post-thumbnail","7":"category-underhallning","8":"tag-entertainment","9":"tag-person-adrian-kolgjini","10":"tag-person-saga-scott","11":"tag-se","12":"tag-svenska","13":"tag-sverige","14":"tag-sweden","15":"tag-swedish","16":"tag-topic-kandisar","17":"tag-topic-realityprogram","18":"tag-underhallning"},"share_on_mastodon":{"url":"https:\/\/pubeurope.com\/@se\/115898658574695559","error":""},"_links":{"self":[{"href":"https:\/\/www.europesays.com\/se\/wp-json\/wp\/v2\/posts\/136846","targetHints":{"allow":["GET"]}}],"collection":[{"href":"https:\/\/www.europesays.com\/se\/wp-json\/wp\/v2\/posts"}],"about":[{"href":"https:\/\/www.europesays.com\/se\/wp-json\/wp\/v2\/types\/post"}],"author":[{"embeddable":true,"href":"https:\/\/www.europesays.com\/se\/wp-json\/wp\/v2\/users\/2"}],"replies":[{"embeddable":true,"href":"https:\/\/www.europesays.com\/se\/wp-json\/wp\/v2\/comments?post=136846"}],"version-history":[{"count":0,"href":"https:\/\/www.europesays.com\/se\/wp-json\/wp\/v2\/posts\/136846\/revisions"}],"wp:featuredmedia":[{"embeddable":true,"href":"https:\/\/www.europesays.com\/se\/wp-json\/wp\/v2\/media\/136847"}],"wp:attachment":[{"href":"https:\/\/www.europesays.com\/se\/wp-json\/wp\/v2\/media?parent=136846"}],"wp:term":[{"taxonomy":"category","embeddable":true,"href":"https:\/\/www.europesays.com\/se\/wp-json\/wp\/v2\/categories?post=136846"},{"taxonomy":"post_tag","embeddable":true,"href":"https:\/\/www.europesays.com\/se\/wp-json\/wp\/v2\/tags?post=136846"}],"curies":[{"name":"wp","href":"https:\/\/api.w.org\/{rel}","templated":true}]}}