{"id":136848,"date":"2026-01-15T10:32:12","date_gmt":"2026-01-15T10:32:12","guid":{"rendered":"https:\/\/www.europesays.com\/se\/136848\/"},"modified":"2026-01-15T10:32:12","modified_gmt":"2026-01-15T10:32:12","slug":"rymdstationens-befalhavare-svenska-jessica-meir-atervander-till-rymden","status":"publish","type":"post","link":"https:\/\/www.europesays.com\/se\/136848\/","title":{"rendered":"\u201dRymdstationens bef\u00e4lhavare\u201d \u2013 svenska Jessica Meir \u00e5terv\u00e4nder till rymden"},"content":{"rendered":"<p>            Ny Teknik<\/p>\n<p itemprop=\"description\" class=\"subtitle t16\" style=\"\">\n    <br \/>Ny Teknik rapporterar om ny teknik inom energi, elbilsutveckling, \u00f6vrig fordonsindustri, tech och digitalisering, it och telekom, innovation, milj\u00f6, om startupbolag och nya entrepren\u00f6rer, om industrins utveckling och om hur tekniken f\u00f6r\u00e4ndrar samh\u00e4llet. <\/p>\n<p>Tidningen Ny Teknik riktar sig till ingenj\u00f6rer, it-specialister, teknikkonsulter, forskare, studenter, beslutsfattare och allm\u00e4nt teknikintresserade. Ny Tekniks m\u00e5l \u00e4r att h\u00e5lla l\u00e4sare uppdaterade med de senaste och viktigaste fr\u00e5n teknikv\u00e4rlden i form av nyheter, reportage och f\u00f6rdjupningar.<\/p>\n","protected":false},"excerpt":{"rendered":"Ny Teknik Ny Teknik rapporterar om ny teknik inom energi, elbilsutveckling, \u00f6vrig fordonsindustri, tech och digitalisering, it och&hellip;\n","protected":false},"author":2,"featured_media":136849,"comment_status":"","ping_status":"","sticky":false,"template":"","format":"standard","meta":{"footnotes":""},"categories":[66],"tags":[80,78,79,34,31,33,32,30,81,84,83,82],"class_list":{"0":"post-136848","1":"post","2":"type-post","3":"status-publish","4":"format-standard","5":"has-post-thumbnail","7":"category-vetenskap-och-teknik","8":"tag-science","9":"tag-science-and-technology","10":"tag-scienceandtechnology","11":"tag-se","12":"tag-svenska","13":"tag-sverige","14":"tag-sweden","15":"tag-swedish","16":"tag-technology","17":"tag-teknik","18":"tag-vetenskap","19":"tag-vetenskapteknik"},"share_on_mastodon":{"url":"https:\/\/pubeurope.com\/@se\/115898662439949244","error":""},"_links":{"self":[{"href":"https:\/\/www.europesays.com\/se\/wp-json\/wp\/v2\/posts\/136848","targetHints":{"allow":["GET"]}}],"collection":[{"href":"https:\/\/www.europesays.com\/se\/wp-json\/wp\/v2\/posts"}],"about":[{"href":"https:\/\/www.europesays.com\/se\/wp-json\/wp\/v2\/types\/post"}],"author":[{"embeddable":true,"href":"https:\/\/www.europesays.com\/se\/wp-json\/wp\/v2\/users\/2"}],"replies":[{"embeddable":true,"href":"https:\/\/www.europesays.com\/se\/wp-json\/wp\/v2\/comments?post=136848"}],"version-history":[{"count":0,"href":"https:\/\/www.europesays.com\/se\/wp-json\/wp\/v2\/posts\/136848\/revisions"}],"wp:featuredmedia":[{"embeddable":true,"href":"https:\/\/www.europesays.com\/se\/wp-json\/wp\/v2\/media\/136849"}],"wp:attachment":[{"href":"https:\/\/www.europesays.com\/se\/wp-json\/wp\/v2\/media?parent=136848"}],"wp:term":[{"taxonomy":"category","embeddable":true,"href":"https:\/\/www.europesays.com\/se\/wp-json\/wp\/v2\/categories?post=136848"},{"taxonomy":"post_tag","embeddable":true,"href":"https:\/\/www.europesays.com\/se\/wp-json\/wp\/v2\/tags?post=136848"}],"curies":[{"name":"wp","href":"https:\/\/api.w.org\/{rel}","templated":true}]}}