{"id":136850,"date":"2026-01-15T10:33:07","date_gmt":"2026-01-15T10:33:07","guid":{"rendered":"https:\/\/www.europesays.com\/se\/136850\/"},"modified":"2026-01-15T10:33:07","modified_gmt":"2026-01-15T10:33:07","slug":"regeringen-river-hinder-for-ett-vaccinregister-skriver-jakob-forssmed","status":"publish","type":"post","link":"https:\/\/www.europesays.com\/se\/136850\/","title":{"rendered":"Regeringen river hinder f\u00f6r ett vaccinregister, skriver Jakob Forssmed"},"content":{"rendered":"<p>Det h\u00e4r \u00e4r en argumenterande text med syfte att p\u00e5verka. \u00c5sikterna som uttrycks \u00e4r skribentens egna.<\/p>\n<p><strong>Debatt\u00f6rerna p\u00e5<\/strong> <a href=\"https:\/\/www.svd.se\/a\/43qgjV\" rel=\"nofollow noopener\" target=\"_blank\">SvD Debatt 6\/1<\/a> har r\u00e4tt n\u00e4r de skriver att vi beh\u00f6ver ett komplett register \u00f6ver vaccinationer, s\u00e5 att vi p\u00e5 ett enkelt vis kan ta reda p\u00e5 vem som har vaccinerat sig, vilket vaccin som har anv\u00e4nts och n\u00e4r det givits. Vacciner \u00e4r centralt f\u00f6r v\u00e5r h\u00e4lsa och samh\u00e4llets smittskydd. Att sakna en \u00f6verblick skapar b\u00e5de frustration, s\u00e4mre beredskap och kan inneb\u00e4ra medicinska risker. Det \u00e4r ett problem som beh\u00f6ver tas p\u00e5 st\u00f6rsta allvar. <\/p>\n","protected":false},"excerpt":{"rendered":"Det h\u00e4r \u00e4r en argumenterande text med syfte att p\u00e5verka. \u00c5sikterna som uttrycks \u00e4r skribentens egna. Debatt\u00f6rerna p\u00e5&hellip;\n","protected":false},"author":2,"featured_media":136851,"comment_status":"","ping_status":"","sticky":false,"template":"","format":"standard","meta":{"footnotes":""},"categories":[65],"tags":[72,70,71,34,31,33,32,30],"class_list":{"0":"post-136850","1":"post","2":"type-post","3":"status-publish","4":"format-standard","5":"has-post-thumbnail","7":"category-ekonomi","8":"tag-business","9":"tag-economy","10":"tag-ekonomi","11":"tag-se","12":"tag-svenska","13":"tag-sverige","14":"tag-sweden","15":"tag-swedish"},"share_on_mastodon":{"url":"https:\/\/pubeurope.com\/@se\/115898666388085002","error":""},"_links":{"self":[{"href":"https:\/\/www.europesays.com\/se\/wp-json\/wp\/v2\/posts\/136850","targetHints":{"allow":["GET"]}}],"collection":[{"href":"https:\/\/www.europesays.com\/se\/wp-json\/wp\/v2\/posts"}],"about":[{"href":"https:\/\/www.europesays.com\/se\/wp-json\/wp\/v2\/types\/post"}],"author":[{"embeddable":true,"href":"https:\/\/www.europesays.com\/se\/wp-json\/wp\/v2\/users\/2"}],"replies":[{"embeddable":true,"href":"https:\/\/www.europesays.com\/se\/wp-json\/wp\/v2\/comments?post=136850"}],"version-history":[{"count":0,"href":"https:\/\/www.europesays.com\/se\/wp-json\/wp\/v2\/posts\/136850\/revisions"}],"wp:featuredmedia":[{"embeddable":true,"href":"https:\/\/www.europesays.com\/se\/wp-json\/wp\/v2\/media\/136851"}],"wp:attachment":[{"href":"https:\/\/www.europesays.com\/se\/wp-json\/wp\/v2\/media?parent=136850"}],"wp:term":[{"taxonomy":"category","embeddable":true,"href":"https:\/\/www.europesays.com\/se\/wp-json\/wp\/v2\/categories?post=136850"},{"taxonomy":"post_tag","embeddable":true,"href":"https:\/\/www.europesays.com\/se\/wp-json\/wp\/v2\/tags?post=136850"}],"curies":[{"name":"wp","href":"https:\/\/api.w.org\/{rel}","templated":true}]}}