{"id":136855,"date":"2026-01-15T10:36:11","date_gmt":"2026-01-15T10:36:11","guid":{"rendered":"https:\/\/www.europesays.com\/se\/136855\/"},"modified":"2026-01-15T10:36:11","modified_gmt":"2026-01-15T10:36:11","slug":"8-sidor-kris-i-kiev","status":"publish","type":"post","link":"https:\/\/www.europesays.com\/se\/136855\/","title":{"rendered":"8 Sidor &#8211; Kris i Kiev"},"content":{"rendered":"<p>Det \u00e4r kris i Ukrainas<br \/>huvudstad Kiev.<br \/>Ryssland har bombat s\u00f6nder<br \/>stadens system f\u00f6r<br \/>el och energi.<\/p>\n<p>Nu saknar m\u00e5nga<br \/>tusen hus el och v\u00e4rme.<br \/>I tisdags var 70 procent<br \/>av alla m\u00e4nniskor i Kiev utan el.<\/p>\n<p>Det s\u00e4ger Kievs myndigheter.<\/p>\n<p>Samtidigt \u00e4r det vinter<br \/>och mycket kallt i Ukraina.<br \/>I dag \u00e4r det<br \/>minus 16 grader d\u00e4r.<\/p>\n<p>\u2013 Vi har det mycket sv\u00e5rt.<br \/>Det \u00e4r v\u00e4rre \u00e4n n\u00e5gonsin<br \/>tidigare under kriget.<\/p>\n<p>Det s\u00e4ger Kievs ledare<br \/>Vitalij Klytjko.<\/p>\n<p>Ryssland forts\u00e4tter<br \/>att attackera Ukraina<br \/>n\u00e4stan varje dag.<br \/>De attackerar fr\u00e5n<br \/>luften med dr\u00f6nare<br \/>och robotar.<\/p>\n<p>I tisdags dog fyra personer<br \/>i en attack mot<br \/>staden Charkiv<br \/>i \u00f6stra Ukraina.<\/p>\n<p>Rysslands krig mot<br \/>Ukraina har h\u00e5llit p\u00e5 i fyra \u00e5r.<br \/>USAs ledare Donald Trump<br \/>f\u00f6rs\u00f6ker ordna fred.<\/p>\n<p>P\u00e5 torsdagen s\u00e4ger han<br \/>att det \u00e4r Ukrainas fel<br \/>att det inte blivit fred.<\/p>\n<p>\u2013 Rysslands ledare Putin<br \/>vill komma \u00f6verens.<br \/>Men det vill inte<br \/>Ukrainas ledare Zelenskyj,<br \/>s\u00e4ger Trump till<br \/>nyhetsbyr\u00e5n Reuters.<\/p>\n<p>8 SIDOR\/TT<\/p>\n","protected":false},"excerpt":{"rendered":"Det \u00e4r kris i Ukrainashuvudstad Kiev.Ryssland har bombat s\u00f6nderstadens system f\u00f6rel och energi. Nu saknar m\u00e5ngatusen hus el&hellip;\n","protected":false},"author":2,"featured_media":136856,"comment_status":"","ping_status":"","sticky":false,"template":"","format":"standard","meta":{"footnotes":""},"categories":[5],"tags":[22,23,26,27,17,21,24,25,28,29,15,16,18,34,31,33,32,30,19,20],"class_list":{"0":"post-136855","1":"post","2":"type-post","3":"status-publish","4":"format-standard","5":"has-post-thumbnail","7":"category-rubriker","8":"tag-breaking-news","9":"tag-breakingnews","10":"tag-featured-news","11":"tag-featurednews","12":"tag-headlines","13":"tag-huvudnyheter","14":"tag-latest-news","15":"tag-latestnews","16":"tag-main-news","17":"tag-mainnews","18":"tag-news","19":"tag-nyheter","20":"tag-rubriker","21":"tag-se","22":"tag-svenska","23":"tag-sverige","24":"tag-sweden","25":"tag-swedish","26":"tag-top-stories","27":"tag-topstories"},"share_on_mastodon":{"url":"https:\/\/pubeurope.com\/@se\/115898678120733964","error":""},"_links":{"self":[{"href":"https:\/\/www.europesays.com\/se\/wp-json\/wp\/v2\/posts\/136855","targetHints":{"allow":["GET"]}}],"collection":[{"href":"https:\/\/www.europesays.com\/se\/wp-json\/wp\/v2\/posts"}],"about":[{"href":"https:\/\/www.europesays.com\/se\/wp-json\/wp\/v2\/types\/post"}],"author":[{"embeddable":true,"href":"https:\/\/www.europesays.com\/se\/wp-json\/wp\/v2\/users\/2"}],"replies":[{"embeddable":true,"href":"https:\/\/www.europesays.com\/se\/wp-json\/wp\/v2\/comments?post=136855"}],"version-history":[{"count":0,"href":"https:\/\/www.europesays.com\/se\/wp-json\/wp\/v2\/posts\/136855\/revisions"}],"wp:featuredmedia":[{"embeddable":true,"href":"https:\/\/www.europesays.com\/se\/wp-json\/wp\/v2\/media\/136856"}],"wp:attachment":[{"href":"https:\/\/www.europesays.com\/se\/wp-json\/wp\/v2\/media?parent=136855"}],"wp:term":[{"taxonomy":"category","embeddable":true,"href":"https:\/\/www.europesays.com\/se\/wp-json\/wp\/v2\/categories?post=136855"},{"taxonomy":"post_tag","embeddable":true,"href":"https:\/\/www.europesays.com\/se\/wp-json\/wp\/v2\/tags?post=136855"}],"curies":[{"name":"wp","href":"https:\/\/api.w.org\/{rel}","templated":true}]}}