{"id":136859,"date":"2026-01-15T10:39:06","date_gmt":"2026-01-15T10:39:06","guid":{"rendered":"https:\/\/www.europesays.com\/se\/136859\/"},"modified":"2026-01-15T10:39:06","modified_gmt":"2026-01-15T10:39:06","slug":"melodifestivalen-2026-alla-artister-datum-startordning","status":"publish","type":"post","link":"https:\/\/www.europesays.com\/se\/136859\/","title":{"rendered":"Melodifestivalen 2026: Alla artister, datum, startordning"},"content":{"rendered":"<p><img   alt=\"\"\/><\/p>\n<p>Hampus Nessvold och Gina Dirawi leder Melodifestivalen 2026.<\/p>\n<p>Foto: PETER GRANNBY \/ STELLA PICTURES<\/p>\n<p>\u00d6ppna bild i helsk\u00e4rm<\/p>\n<p>2026 \u00e5rs upplaga av <a href=\"https:\/\/www.expressen.se\/tagg\/organization\/melodifestivalen\/\" class=\"\" rel=\"nofollow noopener\" target=\"_blank\">Melodifestivalen<\/a> inleds i Link\u00f6ping den 31 januari och avslutas p\u00e5 Strawberry arena i Stockholm den 7 mars.\u00a0<\/p>\n<p>Gina Dirawi och Hampus Nessvold leder \u00e5rets Mello.<\/p>\n<p>N\u00e4r s\u00e4nds Melodifestivalen 2026?<\/p>\n<p>Melodifestivalen 2026 s\u00e4nds klockan 20.00 i SVT och p\u00e5 SVT Play under sex l\u00f6rdagar, fr\u00e5n premi\u00e4ren den 31 januari till finalen den 7 mars.<\/p>\n<p>Hur m\u00e5nga g\u00e5r vidare fr\u00e5n delt\u00e4vlingarna till final och finalkval?<\/p>\n<p>Tv\u00e5 akter g\u00e5r vidare till finalen fr\u00e5n varje delt\u00e4vling och en g\u00e5r vidare till finalkvalet.<\/p>\n<p>Det \u00e4r fem delt\u00e4vlingar samt ett finalkval, som h\u00e5lls direkt efter delt\u00e4vling fem, i Melodifestivalen 2026. Sedan \u00e4r det dags f\u00f6r finalen.<\/p>\n<p>Melodifestivalen 2026: De t\u00e4vlarArtisterna som t\u00e4vlar i Link\u00f6ping 31 januari1. Greczula \u2013 \u201dHalf of me\u201d<\/p>\n<p><strong>L\u00e5tskrivare:<\/strong> Greczula, Karl Ivert, Kian Sang och Andreas Werling<\/p>\n<p><img loading=\"lazy\"   alt=\"\"\/><\/p>\n<p>Greczula.<\/p>\n<p>Foto: Karin T\u00f6rnblom \/ TT NYHETSBYR\u00c5N<\/p>\n<p>\u00d6ppna bild i helsk\u00e4rm<\/p>\n<p>Greczula debuterade i Melodifestivalen i fjol med l\u00e5ten \u201dBelieve me\u201d och slutade som trea i finalen.<\/p>\n<p>Nu \u00e5terv\u00e4nder han till Mello \u2013 nyk\u00e4r i f\u00f6rra \u00e5rets programledare Kristina Keyyo Petrushina \u2013 med l\u00e5ten \u201dHalf of me\u201d.<\/p>\n<p>2. Jacqline \u2013 \u201dWoman\u201d<\/p>\n<p><strong>L\u00e5tskrivare: <\/strong>Moa \u201dCazzi Opeia\u201d Carlebecker, Thomas G:son, Jimmy Jansson, Dino Medanhodzic<\/p>\n<p><img loading=\"lazy\"   alt=\"\"\/><\/p>\n<p>Jacqline<\/p>\n<p>Foto: Pontus Lundahl \/ TT NYHETSBYR\u00c5N<\/p>\n<p>\u00d6ppna bild i helsk\u00e4rm<\/p>\n<p>Jacqline Moss kom tv\u00e5a i \u201dIdol\u201d 2021.<\/p>\n<p>2024 debuterade hon i Melodifestivalen med l\u00e5ten \u201dEffortless\u201d som tog sig till final och slutade p\u00e5 nionde plats.<\/p>\n<p>3. Noll2 \u2013 \u201dBerusade ord\u201d<\/p>\n<p><strong>L\u00e5tskrivare: <\/strong>Fredrik Andersson, Jakob Westerlund, Wilmer \u00d6berg<\/p>\n<p><img loading=\"lazy\"   alt=\"\"\/><\/p>\n<p>Jakob Westerlund och Wilmer \u00d6berg i duon Noll2.<\/p>\n<p>Foto: Karin T\u00f6rnblom \/ TT NYHETSBYR\u00c5N<\/p>\n<p>\u00d6ppna bild i helsk\u00e4rm<\/p>\n<p>B\u00e5da medlemmarna i Noll2 \u00e4r f\u00f6dda just 2002, d\u00e4rav bandnamnet. Duon tr\u00e4ffades p\u00e5 v\u00e4g till en musiklektion och b\u00f6rjade spela covers tillsammans. De gick senare \u00f6ver till att skapa egen musik och debuterar nu i Mello.<\/p>\n<p>2025 sl\u00e4ppte Noll2 \u201dSt\u00f6rd\u201d, som blev viral p\u00e5 Tiktok och tog sig in p\u00e5 Spotifys svenska Topp 50-lista.<\/p>\n<p>Annons<\/p>\n<p>Junior Lerin \u2013 \u201dCopacabana Boy\u201d<\/p>\n<p><strong>L\u00e5tskrivare: <\/strong>Fredrik Andersson<\/p>\n<p><img loading=\"lazy\"   alt=\"\"\/><\/p>\n<p>Junior Lerin.<\/p>\n<p>Foto: Karin T\u00f6rnblom \/ TT NYHETSBYR\u00c5N<\/p>\n<p>\u00d6ppna bild i helsk\u00e4rm<\/p>\n<p>Svensk-brasilianska fotografen Junior Lerin, \u00e4r gift med konstn\u00e4ren Lars Lerin och har tidigare synts i \u201dLet&#8217;s dance\u201d och \u201dMot alla odds \u2013 stafetten\u201d, d\u00e4r han skulle l\u00e4ra sig \u00e5ka skidor.<\/p>\n<p>Nu debuterar han i Melodifestivalen med l\u00e5ten \u201dCopacabana boy\u201d.<\/p>\n<p>5. Indra \u2013 \u201dBeautiful lie\u201d<\/p>\n<p><strong>L\u00e5tskrivare: <\/strong>Laurell Barker, Indra, Kristofer Strandberg, Robert Skowronski och Anderz Wrethov\t<\/p>\n<p><img loading=\"lazy\"   alt=\"\"\/><\/p>\n<p>Indra<\/p>\n<p>Foto: Karin T\u00f6rnblom \/ TT NYHETSBYR\u00c5N<\/p>\n<p>\u00d6ppna bild i helsk\u00e4rm<\/p>\n<p>Indra Louise Bl\u00fcmchen Elg, 22, var med i \u201dIdol\u201d 2020 d\u00e4r hon n\u00e5dde den f\u00f6rsta fredagsfinalen.<\/p>\n<p>Artisten som \u00e4ven \u00e4r en profil p\u00e5 Tiktok med 2,5 miljoner gillamarkeringar p\u00e5 sitt konto, debuterar nu i Melodifestivalen.<\/p>\n<p>6. A-teens \u2013 \u201dIconic\u201d<\/p>\n<p><strong>L\u00e5tskrivare: <\/strong>Moa \u201dCazzi Opeia\u201d Carlebecker, Thomas G:son, Lina Hansson, Jimmy Jansson och Dino Medanhodzic<\/p>\n<p><img loading=\"lazy\"   alt=\"\"\/><\/p>\n<p>A-Teens.<\/p>\n<p>Foto: Karin T\u00f6rnblom \/ TT NYHETSBYR\u00c5N<\/p>\n<p>\u00d6ppna bild i helsk\u00e4rm<\/p>\n<p>A-Teens bildades 1998 som Abba Teens f\u00f6r att g\u00f6ra moderna covers av Abba-l\u00e5tar. De bytte senare namn, b\u00f6rjade sl\u00e4ppa egna l\u00e5tar och gjorde succ\u00e9 v\u00e4rlden \u00f6ver.<\/p>\n<p>Bandet splittrades 2006 men \u00e5terf\u00f6renades i Mello i fjol n\u00e4r de gjorde en mellanakt. 2026 debuterar de som t\u00e4vlande i Melodifestivalen.<\/p>\n<p>Artisterna som t\u00e4vlar i G\u00f6teborg 7 februari1. Arwin \u2013 \u201dGlitter\u201d<\/p>\n<p><strong>L\u00e5tskrivare: <\/strong>Arwin Ismail, Dino Medanhodzic, Axel Schylstr\u00f6m, Robert Skowronski, Melanie Wehbe<\/p>\n<p><img loading=\"lazy\"   alt=\"\"\/><\/p>\n<p>Arwin.<\/p>\n<p>Foto: Karin T\u00f6rnblom \/ TT NYHETSBYR\u00c5N<\/p>\n<p>\u00d6ppna bild i helsk\u00e4rm<\/p>\n<p>Arwin Saman Ismail Osman med artistnamnet Arwin debuterade i Melodifestivalen 2025 och t\u00e4vlade d\u00e5 som yngsta deltagare bara 17 \u00e5r gammal.<\/p>\n<p>Ett \u00e5r senare \u00e4r han tillbaka i Mello och \u00e4r nu n\u00e4st yngst efter Eva Jumatate (hon \u00e4r bara tre dagar yngre).<\/p>\n<p>2. Leila Ad\u00e9le \u2013 \u201dOxygen\u201d<\/p>\n<p><strong>L\u00e5tskrivare: <\/strong>Audun Agnar, Julie Bergan, FELICIA, Emily Harbakk och Theresa Rex<\/p>\n<p><img loading=\"lazy\"   alt=\"\"\/><\/p>\n<p>Leila Ad\u00e9le.<\/p>\n<p>Foto: Martina W\u00e4renfeld<\/p>\n<p>\u00d6ppna bild i helsk\u00e4rm<\/p>\n<p>Laila Ad\u00e8le t\u00e4vlade i Melodifestivalen f\u00f6r 20 \u00e5r sedan \u2013 2006 med \u201dDon&#8217;t try to stop Me\u201d.<\/p>\n<p>Hon var \u00e4ven med i \u201dIdol\u201d 2008 d\u00e4r hon inte tog sig vidare till fredagsfinalerna.<\/p>\n<p>Ad\u00e8le sj\u00f6ng det svenska ledmotivet till \u201dLejonkungen\u201d \u201dEn v\u00e4rld full av liv\u201d \u00a02019 och har dubbat flera Disneyfilmer till svenska.<\/p>\n<p>Annons<\/p>\n<p>3. Robin Bengtsson \u2013 \u201dHoney honey\u201d<\/p>\n<p><strong>L\u00e5tskrivare: <\/strong>Robin Bengtsson, Gavin Jones, Petter Tarland, P\u00e4r Westerlund.<\/p>\n<p><img loading=\"lazy\"   alt=\"\"\/><\/p>\n<p>Robin Bengtsson.<\/p>\n<p>Foto: Christine Olsson \/ TT NYHETSBYR\u00c5N<\/p>\n<p>\u00d6ppna bild i helsk\u00e4rm<\/p>\n<p>Robin Bengtsson slog igenom i \u201dIdol\u201d 2008 och har sedan dess varit med i Melodifestivalen flera g\u00e5nger. 2017 vann han t\u00e4vlingen med \u201dI can\u00b4t go on\u201d. I fjol k\u00f6rade han bakom v\u00e4nnen Eric Segerstedt i hans l\u00e5t \u201dShow me what love is\u201d.<\/p>\n<p>Nu \u00e4r Bengtsson tillbaka i Sveriges st\u00f6rsta musikt\u00e4vling och t\u00e4vlar med \u201dHoney honey\u201d.<\/p>\n<p>4. Felicia \u2013 \u201dMy system\u201d<\/p>\n<p><strong>L\u00e5tskrivare: <\/strong>Audun Agnar, Julie Bergan, FELICIA, Emily Harbakk, Theresa Rex<\/p>\n<p><img loading=\"lazy\"   alt=\"\"\/><\/p>\n<p>Felicia.<\/p>\n<p>Foto: Karin T\u00f6rnblom \/ TT NYHETSBYR\u00c5N<\/p>\n<p>\u00d6ppna bild i helsk\u00e4rm<\/p>\n<p>Felicia som tidigare dolde sig bakom masken p\u00e5 Fr\u00f6ken Snusk t\u00e4vlar nu i Mello som sig sj\u00e4lv.\u00a0<\/p>\n<p>Artisten medverkade i t\u00e4vlingen 2024 som Fr\u00f6ken Snusk och t\u00e4vlade med l\u00e5ten \u201dUnga och fria\u201d som slogs ut i finalkvalet.<\/p>\n<p>5. Klara Almstr\u00f6m<\/p>\n<p><strong>L\u00e5tskrivare: <\/strong>Klara Almstr\u00f6m, Jimmy Jansson, Fredrik Sonefors.<\/p>\n<p><img loading=\"lazy\"   alt=\"\"\/><\/p>\n<p>Klara Almstr\u00f6m.<\/p>\n<p>Foto: Karin T\u00f6rnblom \/ TT NYHETSBYR\u00c5N<\/p>\n<p>\u00d6ppna bild i helsk\u00e4rm<\/p>\n<p>Klara Almstr\u00f6m var med i \u201dIdol\u201d 2022 d\u00e4r hon slutade p\u00e5 tredje plats. Klara \u00e4r dotter till \u201dLotto\u201d- och \u201dKeno\u201d-programledaren Karin Almstr\u00f6m och nu debuterar hon i Melodifestivalen.<\/p>\n<p>6. Brandsta city sl\u00e4ckers<\/p>\n<p><strong>L\u00e5tskrivare: <\/strong>Robert Skowronski, Kristofer Strandberg, Anderz Wrethov, Elin Wrethov<\/p>\n<p><img loading=\"lazy\"   alt=\"\"\/><\/p>\n<p>Brandsta city sl\u00e4ckers<\/p>\n<p>Foto: Christine Olsson \/ TT NYHETSBYR\u00c5N<\/p>\n<p>\u00d6ppna bild i helsk\u00e4rm<\/p>\n<p>Brandsta city sl\u00e4ckers slog igenom med eld och r\u00f6k i Melodifestivalen 2002 med l\u00e5ten \u201dKom och ta mig\u201d, som slutade p\u00e5 femte plats i finalen.\u00a0<\/p>\n<p>\u00c5ret d\u00e4rp\u00e5 t\u00e4vlade de igen med med \u201d15 minuter\u201d, som kom trea i uppsamlingskvalet Tittarnas val.\u00a0<\/p>\n<p>I fjol d\u00f6k killarna i brandmanskl\u00e4der upp i Mello igen i en mellanakt ihop med Edvin T\u00f6rnblom.<\/p>\n<p>Det gav blodad tand och bandet t\u00e4vlar nu i Melodifestivalen 2026.<\/p>\n<p>Artisterna som t\u00e4vlar i Kristianstad den 14 februari1. Saga Ludvigsson\u00a0<\/p>\n<p><strong>L\u00e5tskrivare: <\/strong>Jimmy Jansson, Johanna \u201dDotter\u201d Jansson, Saga Ludvigsson, Dino Medanhodzic.<\/p>\n<p><img loading=\"lazy\"   alt=\"\"\/><\/p>\n<p>Saga Ludvigsson.<\/p>\n<p>Foto: Karin T\u00f6rnblom \/ TT NYHETSBYR\u00c5N<\/p>\n<p>\u00d6ppna bild i helsk\u00e4rm<\/p>\n<p>Saga Ludvigsson slog igenom redan som barn i \u201dTalang\u201d 2019 och n\u00e5dde senare andraplats i \u201dIdol\u201d 2023.<\/p>\n<p>Hon debuterade i Melodifestivalen 2025 med \u201dHate you so much\u201d och vann sin delt\u00e4vling.<\/p>\n<p>2. Patrik Jean \u2013 \u201dDusk til dawn\u201d<\/p>\n<p><strong>L\u00e5tskrivare: <\/strong>Joy Deb, Patrik Jean, David Lindgren Zacharias och Melanie Wehbe<\/p>\n<p><img loading=\"lazy\"   alt=\"\"\/><\/p>\n<p>Patrik Jean.<\/p>\n<p>Foto: Karin T\u00f6rnblom \/ TT NYHETSBYR\u00c5N<\/p>\n<p>\u00d6ppna bild i helsk\u00e4rm<\/p>\n<p>Patrik Jean vann Melodifestivalen 2020 som l\u00e5tskrivare till The Mamas l\u00e5t \u201dMove\u201d, d\u00e4r han ocks\u00e5 medverkade som k\u00f6rs\u00e5ngare.\u00a0<\/p>\n<p>Artisten har \u00e4ven t\u00e4vlat i Mello sj\u00e4lv 2021 med bidraget \u201dTears run dry\u201d, som slutade p\u00e5 femte plats i delt\u00e4vlingen.<\/p>\n<p>Annons<\/p>\n<p>Senare samma s\u00e4song k\u00f6rade han i Azerbajdzjans bidrag \u201dTruth\u201d i Eurovision Song Contest.<\/p>\n<p>3. Emilia Pantic \u2013 \u201dIngenting\u201d<\/p>\n<p><strong>L\u00e5tskrivare: <\/strong>Fredrik Andersson, Emilia Panti\u0107, Theodor Str\u00f6m, Jakob Westerlund, Wilmer \u00d6berg<\/p>\n<p><img loading=\"lazy\"   alt=\"\"\/><\/p>\n<p>Emilia Pantic.<\/p>\n<p>Foto: Anders Wiklund \/ TT NYHETSBYR\u00c5N<\/p>\n<p>\u00d6ppna bild i helsk\u00e4rm<\/p>\n<p>Emilia Panti\u0107 har tidigare varit f\u00f6rband till Thomas Stenstr\u00f6m och turnerat med Rix FM.<\/p>\n<p>Nu debuterar hon i Melodifestivalen med l\u00e5ten \u201dIngenting\u201d.<\/p>\n<p>4. Korslagda<\/p>\n<p><strong>L\u00e5tskrivare: <\/strong>Stefan Sjur, Kristofer Strandberg, H\u00e5kan S\u00f6rle, Andreas Werling<\/p>\n<p><img loading=\"lazy\"   alt=\"\"\/><\/p>\n<p>Korslagda<\/p>\n<p>Foto: CARL-ERIK PAULIN \/ STELLA PICTURES<\/p>\n<p>\u00d6ppna bild i helsk\u00e4rm<\/p>\n<p>Bandet hette tidigare Korslagda kukar men str\u00f6k \u201dkukar\u201d i namnet i h\u00f6stas \u2013 <a href=\"https:\/\/www.expressen.se\/noje\/melodifestivalen\/darfor-stroks-kukar-i-bandnamnet-korslagdas-svar\/\" rel=\"nofollow noopener\" target=\"_blank\">inte alls p\u00e5 grund av Melodifestivalen enligt dem sj\u00e4lva<\/a>.<\/p>\n<p>De s\u00f6kte till Melodifestivalen \u00e4ven 2024 med l\u00e5ten \u201dEn s\u00e5n h\u00e4r chans f\u00e5r man bara en g\u00e5ng i livet\u201d men kom inte med. Gruppen gav sedan ut l\u00e5ten \u00e4nd\u00e5.<\/p>\n<p>Medlemmarna H\u00e5kan S\u00f6rle och Andreas B\u00f6lling spelar \u00e4ven i bandet Mando Diao.<\/p>\n<p>5. Eva Jumante \u2013 \u201dSelfish\u201d<\/p>\n<p><strong>L\u00e5tskrivare: <\/strong>Herman Gardarfve, Eva Jumatate, Ruth Lindegren, Marlene Strand<\/p>\n<p><img loading=\"lazy\"   alt=\"\"\/><\/p>\n<p>Eva Jumatate<\/p>\n<p>Foto: Karin T\u00f6rnblom \/ TT NYHETSBYR\u00c5N<\/p>\n<p>\u00d6ppna bild i helsk\u00e4rm<\/p>\n<p>Eva Jumatate, 18, \u00e4r yngst i \u00e5rets Mello \u2013 tre dagar yngre \u00e4n Arwin, 18. Hon t\u00e4vlar p\u00e5 hemmaplan n\u00e4r Melodifestivalen bes\u00f6ker hennes hemstad Kristianstad.<\/p>\n<p>Tidigare har artisten synts i \u201dTalang\u201d d\u00e4r hon hamnade p\u00e5 tredje plats i finalen. Hon har \u00e4ven synts i SVT-serien \u201dK\u00e4r\u201d samt \u201dKlassen\u201d.<\/p>\n<p>6. Medina \u2013 \u201dViva l&#8217;amore\u201d<\/p>\n<p><strong>L\u00e5tskrivare: <\/strong>Ali Jammali, Dino Medanhodzic, Sami Rekik, Jimmy \u201dJoker\u201d Th\u00f6rnfeldt, Anderz Wrethov<\/p>\n<p><img loading=\"lazy\"   alt=\"\"\/><\/p>\n<p>Medina.<\/p>\n<p>Foto: Christine Olsson \/ TT NYHETSBYR\u00c5N<\/p>\n<p>\u00d6ppna bild i helsk\u00e4rm<\/p>\n<p>Sami Rekik och Ali Jammali i Medina t\u00e4vlar i Melodifestivalen f\u00f6r tredje g\u00e5ngen 2026 med \u201dViva l&#8217;amore\u201d.<\/p>\n<p>2022 kom de p\u00e5 tredje plats i finalen med \u201dIn i dimman\u201d, 2024 kom de tv\u00e5a med \u201dQue sera\u201d och det \u00e5terst\u00e5r nu att se hur det g\u00e5r 2026.<\/p>\n<p>Artisterna som t\u00e4vlar i Malm\u00f6 21 februari1. Cimberly \u2013 \u201dEternity\u201d<\/p>\n<p><strong>L\u00e5tskrivare: <\/strong>Cimberly-Malaika Wanyonyi, David Lindgren Zacharias, Dino Medanhodzic, Melanie Wehbe<\/p>\n<p><img loading=\"lazy\"   alt=\"\"\/><\/p>\n<p>Cimberly.<\/p>\n<p>Foto: Karin T\u00f6rnblom \/ TT NYHETSBYR\u00c5N<\/p>\n<p>\u00d6ppna bild i helsk\u00e4rm<\/p>\n<p>Cimberly-Malaika Tiffany Wanyonyi vann \u201dIdol\u201d 2023 mot Saga Ludvigsson som ocks\u00e5 t\u00e4vlar i Melodifestivalen i \u00e5r.<\/p>\n<p>Nu debuterar artisten i Mello med l\u00e5ten \u201dEternity\u201d.<\/p>\n<p>2. Timo R\u00e4is\u00e4nen \u2013 \u201dIngenting \u00e4r efter oss\u201d<\/p>\n<p><strong>L\u00e5tskrivare: <\/strong>Andreas \u201dGiri\u201d Lindbergh, Jimmy \u201dJoker\u201d Th\u00f6rnfeldt, Joy Deb, Lina R\u00e4is\u00e4nen, Linnea Deb, Timo R\u00e4is\u00e4nen<\/p>\n<p><img loading=\"lazy\"   alt=\"\"\/><\/p>\n<p>Timo R\u00e4is\u00e4nen<\/p>\n<p>Foto: Karin T\u00f6rnblom \/ TT NYHETSBYR\u00c5N<\/p>\n<p>\u00d6ppna bild i helsk\u00e4rm<\/p>\n<p>Timo R\u00e4is\u00e4nen b\u00f6rjade sin karri\u00e4r som gitarrist i H\u00e5kan Hellstr\u00f6ms kompband men har sedan dess haft en solokarri\u00e4r.<\/p>\n<p>Artisten var med i det onlines\u00e4nda programmet \u201dEftersnack\u201d under Melodifestivalen 2010 d\u00e4r han tolkade en l\u00e5t fr\u00e5n t\u00e4vlingens historia i varje avsnitt.<\/p>\n<p>Annons<\/p>\n<p>Nu debuterar han som t\u00e4vlande i Mello.<\/p>\n<p>3. Meira Omar \u2013 \u201dDooset Daram\u201d<\/p>\n<p><strong>L\u00e5tskrivare: <\/strong>Anderz Wrethov, Jimmy \u201dJoker\u201d Th\u00f6rnfeldt, Laurell Barker, Meira Omar<\/p>\n<p><img loading=\"lazy\"   alt=\"\"\/><\/p>\n<p>Meira Omar.<\/p>\n<p>Foto: CARL-ERIK PAULIN \/ STELLA PICTURES<\/p>\n<p>\u00d6ppna bild i helsk\u00e4rm<\/p>\n<p>Meira Omar tog steget in i offentligheten 2024 som deltagare i Netflix \u201dLove is blind\u201d d\u00e4r hon hittade k\u00e4rleken i maken Oskar Nordstrand.<\/p>\n<p>I fjol debuterade hon i Melodifestivalen med \u201dHush hush\u201d och nu t\u00e4vlar Omar igen med \u201dDooset Daram\u201d som betyder jag \u00e4lskar dig p\u00e5 farsi.<\/p>\n<p>4. Felix Manu \u2013 \u201dHatar att jag \u00e4lskar dig\u201d<\/p>\n<p><strong>L\u00e5tskrivare: <\/strong>Axel Schylstr\u00f6m, Felix Manu, FERNAND MP, Karl Flyckt<\/p>\n<p><img loading=\"lazy\"   alt=\"\"\/><\/p>\n<p>Felix Manu.<\/p>\n<p>Foto: Karin T\u00f6rnblom \/ TT NYHETSBYR\u00c5N<\/p>\n<p>\u00d6ppna bild i helsk\u00e4rm<\/p>\n<p>Felix Manu Irankunda fr\u00e5n Bolln\u00e4s debuterar i Melodifestivalen med l\u00e5ten \u201dHatar att jag \u00e4lskar dig\u201d.<\/p>\n<p>Artisten blandar R&amp;B med hiphop och afrobeat.<\/p>\n<p>5. Erika Jonsson \u2013 \u201dFr\u00e5n landet\u201d<\/p>\n<p><strong>L\u00e5tskrivare: <\/strong>Amir Aly, Erika Jonsson, Mikael Karlsson<\/p>\n<p><img loading=\"lazy\"   alt=\"\"\/><\/p>\n<p>Erika Jonsson.<\/p>\n<p>Foto: Karin T\u00f6rnblom \/ TT NYHETSBYR\u00c5N<\/p>\n<p>\u00d6ppna bild i helsk\u00e4rm<\/p>\n<p>Countrys\u00e5ngaren Erika Jonsson fr\u00e5n V\u00e4rmland debuterar i Melodifestivalen i \u00e5r.<\/p>\n<p>Artisten har sl\u00e4ppt flera l\u00e5tar p\u00e5 svenska och engelska, turnerat i Sverige och Norge och \u00e4ven medverkat i SVT-dokument\u00e4ren \u201dCountrylandet Sverige\u201d.<\/p>\n<p>6. Smash into pieces \u2013 \u201dHollow\u201d<\/p>\n<p><strong>L\u00e5tskrivare: <\/strong>Benjamin Jennebo, Chris Adam Hedman S\u00f6rbye, Per Bergquist, Philip Strand\u00a0<\/p>\n<p><img loading=\"lazy\"   alt=\"\"\/><\/p>\n<p>Smash into pieces.<\/p>\n<p>Foto: SVEN LINDWALL<\/p>\n<p>\u00d6ppna bild i helsk\u00e4rm<\/p>\n<p>Smash into pieces slog igenom i Melodifestivalen 2023 med \u201dSix feet under\u201d och kom p\u00e5 tredjeplats i finalen. \u00c5ret efter t\u00e4vlade de med \u201dHeroes are calling\u201d och kom \u00e4ven d\u00e5 trea i finalen.<\/p>\n<p>Bandets scenkl\u00e4der \u00e4r inspirerade av filmen \u201dMad Max\u201d och den som sticker ut mest \u00e4r trummisen The Apocalypse DJ, APOC som d\u00f6ljer hela sitt ansikte med en mask. Han beskrivs som bandets maskot.<\/p>\n<p>Artisterna som t\u00e4vlar i Sundsvall 28 februari1. Alexa \u2013 \u201dTongue tied\u201d<\/p>\n<p><strong>L\u00e5tskrivare: <\/strong>AleXa, Moonshine (Jonatan Gusmark &amp; Ludvig Evers), Sunshine (Ellen Berg &amp; Moa \u201dCazzi Opeia\u201d Carlebecker)<\/p>\n<p><img loading=\"lazy\"   alt=\"\"\/><\/p>\n<p>Alexa.<\/p>\n<p>Foto: Karin T\u00f6rnblom \/ TT NYHETSBYR\u00c5N<\/p>\n<p>\u00d6ppna bild i helsk\u00e4rm<\/p>\n<p>Alexa vann den amerikanska upplagan av Eurovision song contest: American song contest 2022.<\/p>\n<p>K-popartisten st\u00e4ller nu upp i svenska Melodifestivalen f\u00f6r f\u00f6rsta g\u00e5ngen.<\/p>\n<p>2. Juliett \u2013 \u201dL\u00e5ngt fr\u00e5n alla andra\u201d<\/p>\n<p><strong>L\u00e5tskrivare: <\/strong>David Sj\u00e4lin, Elias Kask, Herman Gardarfve, Ludvig Alamanos, Romeo Er-Melin, Valter Wigren<\/p>\n<p><img loading=\"lazy\"   alt=\"\"\/><\/p>\n<p>Bandet Juliett.<\/p>\n<p>Foto: Christine Olsson \/ TT NYHETSBYR\u00c5N<\/p>\n<p>\u00d6ppna bild i helsk\u00e4rm<\/p>\n<p>Gruppen Juliett hette tidigare J1 och best\u00e5r av David Sj\u00e4lin, Elias Kask, Ludvig Alamanos, Romeo Er-Melin och Valter Wigren.<\/p>\n<p>De kommer fr\u00e5n Vallentuna och har sedan 2018 producerat egen musik inom svensk pop och indie.<\/p>\n<p>Annons<\/p>\n<p>Nu debuterar de i Melodifestivalen.<\/p>\n<p>3. Blad\u00eb \u2013 \u201dWho you are\u201d<\/p>\n<p><strong>L\u00e5tskrivare: <\/strong>Isa Tengblad, Josefina Carlbom<\/p>\n<p><img loading=\"lazy\"   alt=\"\"\/><\/p>\n<p>Blad\u00eb.<\/p>\n<p>Foto: Karin T\u00f6rnblom \/ TT NYHETSBYR\u00c5N<\/p>\n<p>\u00d6ppna bild i helsk\u00e4rm<\/p>\n<p>Blad\u00eb heter egentligen Isa Tengblad och har tidigare t\u00e4vlat i Melodifestivalen under det namnet med l\u00e5tarna \u201dDon&#8217;t Stop\u201d 2015 och \u201dI Will Wait\u201d 2016.\u00a0<\/p>\n<p>Hon var \u00e4ven med och skrev Malou Prytz l\u00e5t \u201dI do me\u201d 2019.<\/p>\n<p>Nu g\u00f6r hon comeback som t\u00e4vlande i Mello med nytt artistnamn.<\/p>\n<p>4. Lilla Al-Fadji \u2013 \u201dDelulu\u201d<\/p>\n<p><strong>L\u00e5tskrivare: <\/strong>Daniel R\u00e9hn, Edward af Sill\u00e9n, Lilla Al-Fadji, Fredrik Sonefors, Melanie Wehbe, Mikaela Samuelsson<\/p>\n<p><img loading=\"lazy\"   alt=\"\"\/><\/p>\n<p>Lilla Al-Fadji<\/p>\n<p>Foto: Karin T\u00f6rnblom \/ TT NYHETSBYR\u00c5N<\/p>\n<p>\u00d6ppna bild i helsk\u00e4rm<\/p>\n<p>Lilla Al-Fadji heter egentligen Felipe Leiva Wenger och utg\u00f6r ihop med Ison Glasgow hiphopduon Ison &amp; Fille.<\/p>\n<p>Leiva Wenger slog igenom som karakt\u00e4ren i \u201dLilla Al-Fadji &amp; Co\u201d som b\u00f6rjade s\u00e4ndas p\u00e5 Kanal 5 2008.<\/p>\n<p>Nu debuterar han i Melodifestivalen.<\/p>\n<p>5. Vilhelm Buchaus \u2013 \u201dHearts don&#8217;t lie\u201d<\/p>\n<p><strong>L\u00e5tskrivare: <\/strong>David Zand\u00e9n, Isa Molin, Vilhelm Buchaus<\/p>\n<p><img loading=\"lazy\"   alt=\"\"\/><\/p>\n<p>Vilhelm Buchaus.<\/p>\n<p>Foto: Christine Olsson \/ TT NYHETSBYR\u00c5N<\/p>\n<p>\u00d6ppna bild i helsk\u00e4rm<\/p>\n<p>Vilhelm Buchaus har tidigare t\u00e4vlat i Lilla Melodifestivalen som medlem i pojkbandet Scyscraper.<\/p>\n<p>Artisten debuterade i Melodifestivalen 2025 med \u201dI\u2019m yours\u201d och \u00e5terv\u00e4nder nu till Mello ett \u00e5r senare.<\/p>\n<p>6. Sanna Nielsen \u2013\u201dWaste your love\u201d<\/p>\n<p><strong>L\u00e5tskrivare: <\/strong>Jimmy Jansson, Peter Bostr\u00f6m, Thomas G:son\u00a0<\/p>\n<p><img loading=\"lazy\"   alt=\"\"\/><\/p>\n<p>Sanna Nielsen.<\/p>\n<p>Foto: Karin T\u00f6rnblom \/ TT NYHETSBYR\u00c5N<\/p>\n<p>\u00d6ppna bild i helsk\u00e4rm<\/p>\n<p>Sanna Nielsen \u00e4r en riktig Melloveteran och nu \u00e4r det \u00e5ttonde g\u00e5ngen hon t\u00e4vlar.<\/p>\n<p>Den f\u00f6rre \u201dAlls\u00e5ng p\u00e5 Skansen\u201d-programledaren vann Melodifestivalen 2014 med l\u00e5ten \u201dUndo\u201d, och kom p\u00e5 tredje plats i Eurovision song contest.<\/p>\n","protected":false},"excerpt":{"rendered":"Hampus Nessvold och Gina Dirawi leder Melodifestivalen 2026. Foto: PETER GRANNBY \/ STELLA PICTURES \u00d6ppna bild i helsk\u00e4rm&hellip;\n","protected":false},"author":2,"featured_media":136860,"comment_status":"","ping_status":"","sticky":false,"template":"","format":"standard","meta":{"footnotes":""},"categories":[67],"tags":[104,5140,3055,361,34,3551,31,33,32,30,402,646,105],"class_list":{"0":"post-136859","1":"post","2":"type-post","3":"status-publish","4":"format-standard","5":"has-post-thumbnail","7":"category-underhallning","8":"tag-entertainment","9":"tag-newsstory-melodifestivalen-2026","10":"tag-organization-melodifestivalen","11":"tag-organization-svt","12":"tag-se","13":"tag-sections-melodifestivalen","14":"tag-svenska","15":"tag-sverige","16":"tag-sweden","17":"tag-swedish","18":"tag-topic-artister","19":"tag-topic-tv-serier","20":"tag-underhallning"},"share_on_mastodon":{"url":"https:\/\/pubeurope.com\/@se\/115898689919895549","error":""},"_links":{"self":[{"href":"https:\/\/www.europesays.com\/se\/wp-json\/wp\/v2\/posts\/136859","targetHints":{"allow":["GET"]}}],"collection":[{"href":"https:\/\/www.europesays.com\/se\/wp-json\/wp\/v2\/posts"}],"about":[{"href":"https:\/\/www.europesays.com\/se\/wp-json\/wp\/v2\/types\/post"}],"author":[{"embeddable":true,"href":"https:\/\/www.europesays.com\/se\/wp-json\/wp\/v2\/users\/2"}],"replies":[{"embeddable":true,"href":"https:\/\/www.europesays.com\/se\/wp-json\/wp\/v2\/comments?post=136859"}],"version-history":[{"count":0,"href":"https:\/\/www.europesays.com\/se\/wp-json\/wp\/v2\/posts\/136859\/revisions"}],"wp:featuredmedia":[{"embeddable":true,"href":"https:\/\/www.europesays.com\/se\/wp-json\/wp\/v2\/media\/136860"}],"wp:attachment":[{"href":"https:\/\/www.europesays.com\/se\/wp-json\/wp\/v2\/media?parent=136859"}],"wp:term":[{"taxonomy":"category","embeddable":true,"href":"https:\/\/www.europesays.com\/se\/wp-json\/wp\/v2\/categories?post=136859"},{"taxonomy":"post_tag","embeddable":true,"href":"https:\/\/www.europesays.com\/se\/wp-json\/wp\/v2\/tags?post=136859"}],"curies":[{"name":"wp","href":"https:\/\/api.w.org\/{rel}","templated":true}]}}