{"id":136861,"date":"2026-01-15T10:41:19","date_gmt":"2026-01-15T10:41:19","guid":{"rendered":"https:\/\/www.europesays.com\/se\/136861\/"},"modified":"2026-01-15T10:41:19","modified_gmt":"2026-01-15T10:41:19","slug":"telia-har-sveriges-basta-mobilnat-for-sjatte-aret-i-rad-enligt-umlaut-2025","status":"publish","type":"post","link":"https:\/\/www.europesays.com\/se\/136861\/","title":{"rendered":"Telia har Sveriges b\u00e4sta mobiln\u00e4t f\u00f6r sj\u00e4tte \u00e5ret i rad enligt umlaut 2025\u2028"},"content":{"rendered":"<p>\n          Pressmeddelande &#8211;<br \/>\n15 Januari 2026 11:00<\/p>\n<p>    Dela<\/p>\n<p>\n          L\u00e4nk kopierad!\n        <\/p>\n<p>          <a class=\"ghost-btn-with-icon svg-stroke\" rel=\"nofollow noopener\" aria-label=\"Ladda ned som PDF\" href=\"https:\/\/press.telia.se\/pressreleases\/telia-har-sveriges-baesta-mobilnaet-foer-sjaette-aaret-i-rad-enligt-umlaut-2025-3426192.pdf\" target=\"_blank\"><\/p>\n<p>            Ladda ner<br \/>\n<\/a>      <\/p>\n<p><strong>Telia st\u00e4rker sin position som Sveriges b\u00e4sta mobiln\u00e4t. F\u00f6r sj\u00e4tte \u00e5ret* i rad f\u00e5r Telia h\u00f6gst totalpo\u00e4ng och vinner alla kategorier i umlauts oberoende och v\u00e4rldsledande n\u00e4tverkstest. \u00c5rets m\u00e4tning t\u00e4cker en \u00e4nnu st\u00f6rre del av Sverige, inkluderar en ny samh\u00e4llsviktig kategori och st\u00e4ller tuffare krav \u00e4n n\u00e5gonsin tidigare. <\/strong><\/p>\n<p>Vardag, verksamhet och krisberedskap i Sverige bygger p\u00e5 en robust infrastruktur och en trygg och stabil uppkoppling. \u00c5rets m\u00e4tning visar att Telias mobiln\u00e4t, med sitt helt\u00e4ckande 4G- och 5G-n\u00e4t, n\u00e5r en imponerade totalpo\u00e4ng p\u00e5 970 av 1000 m\u00f6jliga. Telia vinner i samtliga kategorier: tal, data, crowdsourcing och nya kategorin tillf\u00f6rlitlighet. D\u00e4rmed levererar Telia b\u00e4st helhetsupplevelse i hela Sverige.<\/p>\n<p>\u2013 Att \u00e5r efter \u00e5r ha Sveriges b\u00e4sta mobiln\u00e4t \u00e4r ett v\u00e4rdefullt kvitto p\u00e5 att v\u00e5ra investeringar g\u00f6r konkret nytta f\u00f6r v\u00e5ra kunder och f\u00f6r samh\u00e4llet. \u00c5rets resultat speglar ocks\u00e5 det landsomfattande moderniseringsprogram som vi slutf\u00f6rde 2025. Kapacitet och t\u00e4ckning byggdes ut och \u00e4nnu mer resiliens byggdes in s\u00e5 att vi kan m\u00f6ta de krav som st\u00e4lls p\u00e5 s\u00e4kerhet, beredskap, innovation och nya tj\u00e4nster, s\u00e4ger Anders Olsson, vd f\u00f6r Telia Sverige.\u2028\u2028<\/p>\n<p>Resultaten bygger p\u00e5 omfattande och unika m\u00e4tningar av den faktiska kundupplevelsen, d\u00e4r traditionella n\u00e4tverksm\u00e4tningar kombineras med crowdsourcing via mobilappar. M\u00e4tningarna str\u00e4cker sig \u00f6ver 10,860 km fr\u00e5n norr till s\u00f6der och ger marknadens mest detaljerade bild av hur n\u00e4tet fungerar och upplevs i verkligheten, dygnet runt och \u00f6ver hela landet.\u2028<\/p>\n<ul>\n<li>\n<strong>Taltj\u00e4nster:<\/strong> utv\u00e4rderas genom bland annat samtalskvalitet, uppringningstid och andelen lyckade uppkopplingar. Telia f\u00e5r 267 av 270 po\u00e4ng. \u2028<\/li>\n<li>       <strong>Datatj\u00e4nster:<\/strong> testar ned- och uppladdning av filer samt surf och streaming av olika tj\u00e4nster. Telia f\u00e5r 471 av 480 po\u00e4ng.\u2028<\/li>\n<li>       <strong>Crowdsourcad kvalitet:<\/strong> f\u00e5ngar hur n\u00e4tet presterar i kundernas vardag genom att m\u00e4ta mobila appar under 24 veckor. Fr\u00e5n hemmen, p\u00e5 arbetsplatser, p\u00e5 resan och i omr\u00e5den d\u00e4r traditionella m\u00e4tbilar s\u00e4llan passerar. Telia f\u00e5r 232 av 250 po\u00e4ng.<\/li>\n<li>       <strong>Tillf\u00f6rlitlighet<\/strong>: nytt f\u00f6r i \u00e5r och m\u00e4ter kvalitet och avbrott p\u00e5 samtal och datauppkopplingar. Resultatet visar hur stabilt och tillg\u00e4ngligt n\u00e4tet \u00e4r \u00f6ver tid. Telia f\u00e5r 595 av 600 po\u00e4ng.\u2028\u2028\u2028<\/li>\n<\/ul>\n<p>\u2013 Vi \u00e4r otroligt stolta \u00f6ver det vi har \u00e5stadkommit hittills, men vi stannar inte d\u00e4r. Vi har redan g\u00e5tt in v\u00e5r n\u00e4sta stora n\u00e4tsatsning, d\u00e4r vi ytterligare st\u00e4rker och bygger ut n\u00e4tet f\u00f6r b\u00e5de glesbygden och l\u00e4ngs j\u00e4rnv\u00e4garna. Fokus ligger p\u00e5 att forts\u00e4tta \u00f6ka kapaciteten, f\u00f6rst\u00e4rka redundansen och hela tiden s\u00e4kra st\u00f6rsta m\u00f6jliga tillg\u00e4nglighet, avslutar Anders Olsson.\u2028<\/p>\n<p>Ta del av umlauts landsomfattande och unika test h\u00e4r: <a href=\"https:\/\/www.accenture.com\/content\/dam\/accenture\/final\/accenture-com\/document-4\/2025-Sweden-Mobile-Benchmark-Certificate.pdf#zoom=50\" target=\"_blank\" rel=\"nofollow noopener\">2025_Sweden_Mobile_Benchmark_Certificate<\/a> <\/p>\n<p><img loading=\"lazy\" decoding=\"async\" src=\"https:\/\/www.europesays.com\/se\/wp-content\/uploads\/2026\/01\/lmbdr0rh0t3vxez96mrff1.jpeg\" data-material-id=\"3395316\" data-material-type=\"ImageList\" width=\"902\" height=\"677\"\/>Fr\u00e5n v\u00e4nster: Anders Olsson, vd Telia Sverige, Martin Pehrsson, chef Telias mobiln\u00e4t, Staffan \u00c5kesson, Teknisk chef Telia Sverige och Maziar Kianzad, Managing Director p\u00e5 umlaut, del av Accenture. <\/p>\n<p><strong>Ett robust mobiln\u00e4t f\u00f6r hela Sverige<\/strong><\/p>\n<p>Telias moderniserade och uppgraderade mobiln\u00e4t best\u00e5r av 4G och 5G som t\u00e4cker 99,9 procent av Sveriges befolkning och mer \u00e4n 94 procent av Sveriges yta. N\u00e4tet anv\u00e4nds idag av allt fr\u00e5n privatpersoner och sm\u00e5f\u00f6retag till v\u00e5rd, industri, bl\u00e5ljusmyndigheter och andra samh\u00e4llskritiska verksamheter. Kombinationen av h\u00f6g kapacitet, bred t\u00e4ckning och inbyggd redundans g\u00f6r att fler tj\u00e4nster kan flyttas till molnet, fler verksamheter kan digitaliseras och Sveriges beredskap kan st\u00e4rkas. <\/p>\n<p>L\u00e4s mer om Telias arbete med att bygga och drifta ett robust mobiln\u00e4t f\u00f6r hela Sverige: <a href=\"http:\/\/telia.se\/b%C3%A4ttren%C3%A4t\" target=\"_blank\" rel=\"nofollow noopener\">telia.se\/b\u00e4ttren\u00e4t<\/a>.<\/p>\n<p>*enligt umlauts m\u00e4tmetod de senaste sex \u00e5ren. Totalt vinner Telia nio \u00e5r i rad.<\/p>\n","protected":false},"excerpt":{"rendered":"Pressmeddelande &#8211; 15 Januari 2026 11:00 Dela L\u00e4nk kopierad! Ladda ner Telia st\u00e4rker sin position som Sveriges b\u00e4sta&hellip;\n","protected":false},"author":2,"featured_media":136862,"comment_status":"","ping_status":"","sticky":false,"template":"","format":"standard","meta":{"footnotes":""},"categories":[65],"tags":[13775,13773,72,70,71,625,4909,3698,34,31,33,32,30,13774],"class_list":{"0":"post-136861","1":"post","2":"type-post","3":"status-publish","4":"format-standard","5":"has-post-thumbnail","7":"category-ekonomi","8":"tag-battre-nat","9":"tag-battre-uppkoppling","10":"tag-business","11":"tag-economy","12":"tag-ekonomi","13":"tag-hallbarhet","14":"tag-innovation","15":"tag-sakerhet","16":"tag-se","17":"tag-svenska","18":"tag-sverige","19":"tag-sweden","20":"tag-swedish","21":"tag-telia"},"share_on_mastodon":{"url":"https:\/\/pubeurope.com\/@se\/115898697866963345","error":""},"_links":{"self":[{"href":"https:\/\/www.europesays.com\/se\/wp-json\/wp\/v2\/posts\/136861","targetHints":{"allow":["GET"]}}],"collection":[{"href":"https:\/\/www.europesays.com\/se\/wp-json\/wp\/v2\/posts"}],"about":[{"href":"https:\/\/www.europesays.com\/se\/wp-json\/wp\/v2\/types\/post"}],"author":[{"embeddable":true,"href":"https:\/\/www.europesays.com\/se\/wp-json\/wp\/v2\/users\/2"}],"replies":[{"embeddable":true,"href":"https:\/\/www.europesays.com\/se\/wp-json\/wp\/v2\/comments?post=136861"}],"version-history":[{"count":0,"href":"https:\/\/www.europesays.com\/se\/wp-json\/wp\/v2\/posts\/136861\/revisions"}],"wp:featuredmedia":[{"embeddable":true,"href":"https:\/\/www.europesays.com\/se\/wp-json\/wp\/v2\/media\/136862"}],"wp:attachment":[{"href":"https:\/\/www.europesays.com\/se\/wp-json\/wp\/v2\/media?parent=136861"}],"wp:term":[{"taxonomy":"category","embeddable":true,"href":"https:\/\/www.europesays.com\/se\/wp-json\/wp\/v2\/categories?post=136861"},{"taxonomy":"post_tag","embeddable":true,"href":"https:\/\/www.europesays.com\/se\/wp-json\/wp\/v2\/tags?post=136861"}],"curies":[{"name":"wp","href":"https:\/\/api.w.org\/{rel}","templated":true}]}}