{"id":136864,"date":"2026-01-15T10:43:07","date_gmt":"2026-01-15T10:43:07","guid":{"rendered":"https:\/\/www.europesays.com\/se\/136864\/"},"modified":"2026-01-15T10:43:07","modified_gmt":"2026-01-15T10:43:07","slug":"nobelstiftelsen-har-presenterat-projekt-nobel-center","status":"publish","type":"post","link":"https:\/\/www.europesays.com\/se\/136864\/","title":{"rendered":"Nobelstiftelsen har presenterat projekt Nobel Center"},"content":{"rendered":"<p>&#13;<br \/>\nTorsdagen den 15 januari presenterade Nobelstiftelsen de f\u00f6rsta visionsbilderna f\u00f6r projekt Nobel Center &#8211; ett publikt hus f\u00f6r vetenskap, litteratur och fred. Med hj\u00e4lp av privata donationer \u00e4r finansieringen av det nya Nobel Center s\u00e4krad. <\/p>\n<p>&#8211; En breddad finansiering av kultursektorn \u00e4r en h\u00f6gt prioriterad fr\u00e5ga f\u00f6r regeringen och det nya Nobel Center \u00e4r ett gl\u00e4djande exempel p\u00e5 hur nyt\u00e4nkande och partnerskap skapar nya kulturupplevelser f\u00f6r publiken genom privat finansiering, s\u00e4ger kulturminister Parisa Liljestrand.<\/p>\n<p>&#8211; Ett Nobel Center kan ytterligare uppm\u00e4rksamma vikten av banbrytande forskning och nyttan som den kan g\u00f6ra i samh\u00e4llet. Det kommer ocks\u00e5 kunna bli en viktig samlingspunkt f\u00f6r forskare och bes\u00f6kare fr\u00e5n hela v\u00e4rlden, s\u00e4ger gymnasie-, h\u00f6gskole- och forskningsminister Lotta Edholm.<\/p>\n","protected":false},"excerpt":{"rendered":"&#13; Torsdagen den 15 januari presenterade Nobelstiftelsen de f\u00f6rsta visionsbilderna f\u00f6r projekt Nobel Center &#8211; ett publikt hus&hellip;\n","protected":false},"author":2,"featured_media":134209,"comment_status":"","ping_status":"","sticky":false,"template":"","format":"standard","meta":{"footnotes":""},"categories":[12],"tags":[22,23,26,27,17,21,24,25,28,29,15,16,18,34,31,33,32,30,19,20],"class_list":{"0":"post-136864","1":"post","2":"type-post","3":"status-publish","4":"format-standard","5":"has-post-thumbnail","7":"category-sverige","8":"tag-breaking-news","9":"tag-breakingnews","10":"tag-featured-news","11":"tag-featurednews","12":"tag-headlines","13":"tag-huvudnyheter","14":"tag-latest-news","15":"tag-latestnews","16":"tag-main-news","17":"tag-mainnews","18":"tag-news","19":"tag-nyheter","20":"tag-rubriker","21":"tag-se","22":"tag-svenska","23":"tag-sverige","24":"tag-sweden","25":"tag-swedish","26":"tag-top-stories","27":"tag-topstories"},"share_on_mastodon":{"url":"https:\/\/pubeurope.com\/@se\/115898705691166323","error":""},"_links":{"self":[{"href":"https:\/\/www.europesays.com\/se\/wp-json\/wp\/v2\/posts\/136864","targetHints":{"allow":["GET"]}}],"collection":[{"href":"https:\/\/www.europesays.com\/se\/wp-json\/wp\/v2\/posts"}],"about":[{"href":"https:\/\/www.europesays.com\/se\/wp-json\/wp\/v2\/types\/post"}],"author":[{"embeddable":true,"href":"https:\/\/www.europesays.com\/se\/wp-json\/wp\/v2\/users\/2"}],"replies":[{"embeddable":true,"href":"https:\/\/www.europesays.com\/se\/wp-json\/wp\/v2\/comments?post=136864"}],"version-history":[{"count":0,"href":"https:\/\/www.europesays.com\/se\/wp-json\/wp\/v2\/posts\/136864\/revisions"}],"wp:featuredmedia":[{"embeddable":true,"href":"https:\/\/www.europesays.com\/se\/wp-json\/wp\/v2\/media\/134209"}],"wp:attachment":[{"href":"https:\/\/www.europesays.com\/se\/wp-json\/wp\/v2\/media?parent=136864"}],"wp:term":[{"taxonomy":"category","embeddable":true,"href":"https:\/\/www.europesays.com\/se\/wp-json\/wp\/v2\/categories?post=136864"},{"taxonomy":"post_tag","embeddable":true,"href":"https:\/\/www.europesays.com\/se\/wp-json\/wp\/v2\/tags?post=136864"}],"curies":[{"name":"wp","href":"https:\/\/api.w.org\/{rel}","templated":true}]}}