{"id":13687,"date":"2025-08-26T04:27:08","date_gmt":"2025-08-26T04:27:08","guid":{"rendered":"https:\/\/www.europesays.com\/se\/13687\/"},"modified":"2025-08-26T04:27:08","modified_gmt":"2025-08-26T04:27:08","slug":"alla-uttalar-mitt-namn-fel-sa-ska-man-saga","status":"publish","type":"post","link":"https:\/\/www.europesays.com\/se\/13687\/","title":{"rendered":"Alla uttalar mitt namn fel \u2013 s\u00e5 ska man s\u00e4ga"},"content":{"rendered":"<p>Publicerad 26 aug 2025 kl 06.13<\/p>\n<p>Kirsten Dunst.<\/p>\n<p>Det \u00e4r inte m\u00e5nga som lyckas uttala hennes namn r\u00e4tt, ber\u00e4ttar hon i en intervju med <a href=\"https:\/\/www.townandcountrymag.com\/leisure\/arts-and-culture\/a65529649\/kirsten-dunst-interview-2025\/\" rel=\"nofollow noopener\" target=\"_blank\">Town &amp; country.<\/a>\u00a0<\/p>\n<p>\u2013 Man ger upp helt enkelt, s\u00e4ger hon.<\/p>\n<p><img   alt=\"\"\/><\/p>\n<p>Kirsten Dunst ber\u00e4ttar hur hennes namn uttalas korrekt.<\/p>\n<p>Foto: Town &amp; Country<\/p>\n<p>\u00d6ppna bild i helsk\u00e4rm<img loading=\"lazy\"   alt=\"\"\/> <\/p>\n<p>Foto: Xavier Collin \/ SIPA\/IBL<\/p>\n<p>\u00d6ppna bild i helsk\u00e4rm<img loading=\"lazy\"   alt=\"\"\/>\u00d6ppna bild i helsk\u00e4rm<img loading=\"lazy\"   alt=\"\"\/><\/p>\n<p>Kirsten Dunst och maken Jesse Plemons.<\/p>\n<p>Foto: OCONNOR-ARROYO\/AFF-USA\/SHUTTERS \/ SHUTTERSTOCK EDITORIAL\/IBL<\/p>\n<p>\u00d6ppna bild i helsk\u00e4rm<\/p>\n<p>Hollywoodstj\u00e4rnan Kirsten Dunst, 43, har l\u00e4nge varit ett stort namn p\u00e5 k\u00e4ndishimlen. D\u00e4remot \u00e4r det inte m\u00e5nga kan uttalat hennes namn korrekt \u2013 och hon har n\u00e4stan gett upp n\u00e4r det kommer till att f\u00f6rs\u00f6ka r\u00e4tta folk, ber\u00e4ttar hon i en videointervju med Town &amp; country.<\/p>\n<p>\u2013 Alla uttalar mitt namn fel, s\u00e4ger hon och forts\u00e4tter:<\/p>\n<p>\u2013 Jag bryr mig inte. Jag svarar p\u00e5 b\u00e5de Kristen \u2013 och p\u00e5 Kirsten, det senare \u00e4r hur man uttalar mitt namn.<\/p>\n<p>Som sk\u00e5despelare reser Kirsten Dunst en hel del i sitt jobb. P\u00e5 resande fot kan det bli extra k\u00e4rvigt med uttalet.<\/p>\n<p>\u2013 I England uttalar de inte mitt namn riktigt r\u00e4tt, konstaterar hon.\u00a0<\/p>\n<p>\u2013 Under den senaste inspelningen uttalade alla mitt namn fel, men d\u00e5 var det svenskar och ungrare med ocks\u00e5. Man ger upp helt enkelt.<\/p>\n<p>Kirsten Dunst blir ombedd att en g\u00e5ng f\u00f6r alla klarg\u00f6ra hur namnet ska uttalas, varp\u00e5 hon svarar: \u201dKeer-sten\u201d, s\u00e4ger hon och till\u00e4gger: \u201dMen vem bryr sig?\u201d.<\/p>\n<p>Gift med \u201dFargo\u201d-sk\u00e5despelaren<\/p>\n<p>Sk\u00e5despelaren har varit verksam sedan ung \u00e5lder och har gjort flera k\u00e4nda roller i filmer som \u201dBring it on\u201d, \u201dMarie Antoinette\u201d och \u201dSpider-Man\u201d.<\/p>\n<p>Sedan 2016 \u00e4r hon tillsammans med Jesse Plemons, 37, som hon spelade mot i tv-serien \u201dFargo\u201d. Paret gifte sig 2022 och har barnen Ennis, 7, och James, 4, tillsammans.<\/p>\n","protected":false},"excerpt":{"rendered":"Publicerad 26 aug 2025 kl 06.13 Kirsten Dunst. Det \u00e4r inte m\u00e5nga som lyckas uttala hennes namn r\u00e4tt,&hellip;\n","protected":false},"author":2,"featured_media":13688,"comment_status":"","ping_status":"","sticky":false,"template":"","format":"standard","meta":{"footnotes":""},"categories":[67],"tags":[104,773,34,31,33,32,30,109,105],"class_list":{"0":"post-13687","1":"post","2":"type-post","3":"status-publish","4":"format-standard","5":"has-post-thumbnail","7":"category-underhallning","8":"tag-entertainment","9":"tag-location-hollywood","10":"tag-se","11":"tag-svenska","12":"tag-sverige","13":"tag-sweden","14":"tag-swedish","15":"tag-topic-skadespelare","16":"tag-underhallning"},"share_on_mastodon":{"url":"","error":""},"_links":{"self":[{"href":"https:\/\/www.europesays.com\/se\/wp-json\/wp\/v2\/posts\/13687","targetHints":{"allow":["GET"]}}],"collection":[{"href":"https:\/\/www.europesays.com\/se\/wp-json\/wp\/v2\/posts"}],"about":[{"href":"https:\/\/www.europesays.com\/se\/wp-json\/wp\/v2\/types\/post"}],"author":[{"embeddable":true,"href":"https:\/\/www.europesays.com\/se\/wp-json\/wp\/v2\/users\/2"}],"replies":[{"embeddable":true,"href":"https:\/\/www.europesays.com\/se\/wp-json\/wp\/v2\/comments?post=13687"}],"version-history":[{"count":0,"href":"https:\/\/www.europesays.com\/se\/wp-json\/wp\/v2\/posts\/13687\/revisions"}],"wp:featuredmedia":[{"embeddable":true,"href":"https:\/\/www.europesays.com\/se\/wp-json\/wp\/v2\/media\/13688"}],"wp:attachment":[{"href":"https:\/\/www.europesays.com\/se\/wp-json\/wp\/v2\/media?parent=13687"}],"wp:term":[{"taxonomy":"category","embeddable":true,"href":"https:\/\/www.europesays.com\/se\/wp-json\/wp\/v2\/categories?post=13687"},{"taxonomy":"post_tag","embeddable":true,"href":"https:\/\/www.europesays.com\/se\/wp-json\/wp\/v2\/tags?post=13687"}],"curies":[{"name":"wp","href":"https:\/\/api.w.org\/{rel}","templated":true}]}}