{"id":136882,"date":"2026-01-15T11:02:22","date_gmt":"2026-01-15T11:02:22","guid":{"rendered":"https:\/\/www.europesays.com\/se\/136882\/"},"modified":"2026-01-15T11:02:22","modified_gmt":"2026-01-15T11:02:22","slug":"paven-pressen-en-plats-for-diskussion-for-att-bygga-det-gemensamma-goda","status":"publish","type":"post","link":"https:\/\/www.europesays.com\/se\/136882\/","title":{"rendered":"P\u00e5ven: Pressen, en plats f\u00f6r diskussion f\u00f6r att bygga det gemensamma goda"},"content":{"rendered":"<p>Leo XIV s\u00e4nder ett meddelande till den italienska dagstidningen La Repubblica f\u00f6r dess 50-\u00e5rsfirande<\/p>\n<p><b>Vatican News<\/b><\/p>\n<p>En st\u00e4ndig relation med l\u00e4sarna, frihet som kriterium f\u00f6r att ber\u00e4tta om femtio \u00e5r av italiensk historia, v\u00e4rldshistoria och kyrkans historia, dialog som den b\u00e4sta v\u00e4gen f\u00f6r att bygga fred. Det finns m\u00e5nga tankar som p\u00e5ven Leo XIV delar med sig av i sitt meddelande idag, den 15 januari, till chefredakt\u00f6ren f\u00f6r La Repubblica, Mario Orfeo, med anledning dess 50-\u00e5rsfirande. Den 14 januari 1976 kom det f\u00f6rsta numret ut av denna dagstidning som grundades av Eugenio Scalfari, som var chefredakt\u00f6r fram till 1996 och sedan medarbetare som ledarskribent fram till sin d\u00f6d.<\/p>\n<p>Ber\u00e4ttat om kyrkans historia <\/p>\n<p>P\u00e5ven framf\u00f6r sina gratulationer till journalisterna.<\/p>\n<p>Er tidning \u00e4r rotad i m\u00e5nga st\u00e4der, men har i Rom, p\u00e5vens stift, en privilegierad utsiktspunkt \u00f6ver h\u00e4ndelserna i Italien och v\u00e4rlden, d\u00e4r den har sitt huvudkontor. Ni har l\u00e4st sidorna under dessa femtio \u00e5r med frihet. Och ber\u00e4ttat om kyrkans historia.<\/p>\n<p><b>Det gemensamma goda<\/b> <\/p>\n<p>Frihet, ber\u00e4ttande och blick p\u00e5 v\u00e4rlden utg\u00f6r k\u00e4rnan i pressfriheten, \u201dsom trots olikheter i \u00e5sikter, synpunkter och kulturer alltid m\u00e5ste agera med \u00f6ppenhet och korrekthet\u201d, till\u00e4gger p\u00e5ven.<\/p>\n<p>Och erbjuda den m\u00f6jlighet till j\u00e4mf\u00f6relse som, n\u00e4r den inte \u00e4r fientlig, bidrar till det gemensamma goda och till enigheten mellan m\u00e4nniskor. Dialogen \u00f6vervinner s\u00e5lunda konflikten och skapar fred.<\/p>\n<p>\u201dJag \u00f6nskar er att alltid bygga en fri och dialogisk kommunikation, inspirerad av s\u00f6kandet efter sanningen och utan f\u00f6rdomar\u201d, avslutar p\u00e5ven sitt budskap. \u201dGrattis till 50-\u00e5rsjubileet!\u201d.<\/p>\n","protected":false},"excerpt":{"rendered":"Leo XIV s\u00e4nder ett meddelande till den italienska dagstidningen La Repubblica f\u00f6r dess 50-\u00e5rsfirande Vatican News En st\u00e4ndig&hellip;\n","protected":false},"author":2,"featured_media":136883,"comment_status":"","ping_status":"","sticky":false,"template":"","format":"standard","meta":{"footnotes":""},"categories":[14],"tags":[22,23,26,27,17,21,24,25,28,29,15,16,18,34,31,33,32,30,19,20,51,52,53,54],"class_list":{"0":"post-136882","1":"post","2":"type-post","3":"status-publish","4":"format-standard","5":"has-post-thumbnail","7":"category-varlden","8":"tag-breaking-news","9":"tag-breakingnews","10":"tag-featured-news","11":"tag-featurednews","12":"tag-headlines","13":"tag-huvudnyheter","14":"tag-latest-news","15":"tag-latestnews","16":"tag-main-news","17":"tag-mainnews","18":"tag-news","19":"tag-nyheter","20":"tag-rubriker","21":"tag-se","22":"tag-svenska","23":"tag-sverige","24":"tag-sweden","25":"tag-swedish","26":"tag-top-stories","27":"tag-topstories","28":"tag-varlden","29":"tag-world","30":"tag-world-news","31":"tag-worldnews"},"share_on_mastodon":{"url":"https:\/\/pubeurope.com\/@se\/115898780472673767","error":""},"_links":{"self":[{"href":"https:\/\/www.europesays.com\/se\/wp-json\/wp\/v2\/posts\/136882","targetHints":{"allow":["GET"]}}],"collection":[{"href":"https:\/\/www.europesays.com\/se\/wp-json\/wp\/v2\/posts"}],"about":[{"href":"https:\/\/www.europesays.com\/se\/wp-json\/wp\/v2\/types\/post"}],"author":[{"embeddable":true,"href":"https:\/\/www.europesays.com\/se\/wp-json\/wp\/v2\/users\/2"}],"replies":[{"embeddable":true,"href":"https:\/\/www.europesays.com\/se\/wp-json\/wp\/v2\/comments?post=136882"}],"version-history":[{"count":0,"href":"https:\/\/www.europesays.com\/se\/wp-json\/wp\/v2\/posts\/136882\/revisions"}],"wp:featuredmedia":[{"embeddable":true,"href":"https:\/\/www.europesays.com\/se\/wp-json\/wp\/v2\/media\/136883"}],"wp:attachment":[{"href":"https:\/\/www.europesays.com\/se\/wp-json\/wp\/v2\/media?parent=136882"}],"wp:term":[{"taxonomy":"category","embeddable":true,"href":"https:\/\/www.europesays.com\/se\/wp-json\/wp\/v2\/categories?post=136882"},{"taxonomy":"post_tag","embeddable":true,"href":"https:\/\/www.europesays.com\/se\/wp-json\/wp\/v2\/tags?post=136882"}],"curies":[{"name":"wp","href":"https:\/\/api.w.org\/{rel}","templated":true}]}}