{"id":136893,"date":"2026-01-15T11:10:08","date_gmt":"2026-01-15T11:10:08","guid":{"rendered":"https:\/\/www.europesays.com\/se\/136893\/"},"modified":"2026-01-15T11:10:08","modified_gmt":"2026-01-15T11:10:08","slug":"medvedev-om-trumps-gronlandsplaner-hanar-europa","status":"publish","type":"post","link":"https:\/\/www.europesays.com\/se\/136893\/","title":{"rendered":"Medvedev om Trumps Gr\u00f6nlandsplaner \u2013 h\u00e5nar Europa"},"content":{"rendered":"<p class=\"sc-c25743f0-0 sc-e37c0145-2 hObFds DQgPn\"><strong>Europa \u00e4r pressat efter Trumps hot om att ta \u00f6ver Gr\u00f6nland \u2013 vilket Rysslands tidigare president Dmitrij Medvedev har roligt \u00e5t.<br \/>\u201dOoh, vad ska de g\u00f6ra? Kidnappa presidenten? Atombomba USA?\u201d, skriver han p\u00e5 X.<\/strong><\/p>\n<p class=\"sc-c25743f0-0 sc-e37c0145-2 hObFds DQgPn\">Nu kommenterar Dmitrij Medvedev, tidigare rysk president och numera vice ordf\u00f6rande i Rysslands s\u00e4kerhetsr\u00e5d, Trumps planer p\u00e5 ett amerikanskt \u00f6vertagande av Gr\u00f6nland.<\/p>\n<p class=\"sc-c25743f0-0 sc-e37c0145-2 hObFds DQgPn\">\u201dDen galliska tuppen (det vill s\u00e4ga Frankrike, reds anm.) har galit om att om Danmarks suver\u00e4nitet hotas kommer konsekvenserna sakna motstycke. Ooh, vad ska de g\u00f6ra? Kidnappa presidenten? Atombomba USA? Sj\u00e4lvklart inte\u201d, skriver Medvedev i ett inl\u00e4gg <a href=\"https:\/\/x.com\/MedvedevRussiaE\/status\/2011494506764312611\" class=\"pcc\" target=\"_blank\" rel=\"noopener noreferrer nofollow\">p\u00e5 plattformen X<\/a>.<\/p>\n<p class=\"sc-c25743f0-0 sc-e37c0145-2 hObFds DQgPn\">\u201dDe kommer att skita i byxorna och ge upp Gr\u00f6nland. Och det skulle skapa ett j\u00e4ttebra europeiskt prejudikat\u201d, forts\u00e4tter han.<\/p>\n<p>Flera kontroversiella uttalanden<\/p>\n<p class=\"sc-c25743f0-0 sc-e37c0145-2 hObFds DQgPn\">Och det \u00e4r inte f\u00f6rsta g\u00e5ngen han \u00e4r ute och svingar. Dmitrij Medvedev, som var president i landet \u00e5ren 2008-2012, har tidigare <a href=\"https:\/\/www.tv4.se\/artikel\/tt-250803-ryssmedvedev1-f2eb908a\/medvedev-liberalen-som-blev-atomvapenskramlare\" class=\"pcc\" target=\"_top\" rel=\"nofollow noopener\">beskrivit v\u00e4sterl\u00e4nningar som \u201dbastarder och degenererade\u201d<\/a>, och har under Rysslands invasion av Ukraina ofta hotat med k\u00e4rnvapenattacker.<\/p>\n<p class=\"sc-c25743f0-0 sc-e37c0145-2 hObFds DQgPn\">Innan han blev en av Kremls mest h\u00f6gljudda och aggressiva m\u00e4n s\u00e5gs Medvedev som en liberal, EU-v\u00e4nlig reformist. Under sin presidenttid skrev han bland annat under ett avtal med USA om k\u00e4rnvapennedrustning.<\/p>\n<p>Ryska oron<\/p>\n<p class=\"sc-c25743f0-0 sc-e37c0145-2 hObFds DQgPn\">Samtidigt som Medvedev hetsar p\u00e5 X har Rysslands ambassad i Belgien uttryckt oro f\u00f6r Natol\u00e4ndernas \u00f6kade milit\u00e4ra n\u00e4rvaro p\u00e5 Gr\u00f6nland.<\/p>\n<p class=\"sc-c25743f0-0 sc-e37c0145-2 hObFds DQgPn\">\u2013 Situationen som utspelar sig l\u00e5ngt upp i norr g\u00f6r oss djupt bekymrade, s\u00e4ger ambassaden <a href=\"https:\/\/www.tv2.no\/direkte\/jpybz\/siste-nytt\/6968aba5f2f86579abd833b7\/russland-sier-de-er-svaert-bekymret-for-soldater-fra-natoland-pa-gronland\" class=\"pcc\" target=\"_blank\" rel=\"noopener noreferrer nofollow\">enligt norska TV2<\/a>.<\/p>\n<p class=\"sc-c25743f0-0 sc-e37c0145-2 hObFds DQgPn\">Ambassaden tillbakavisade ocks\u00e5 att Ryssland planerar att ta \u00f6ver Gr\u00f6nland, n\u00e5got Trump angivit som ett sk\u00e4l till att han sj\u00e4lv vill ta \u00f6ver \u00f6n.<\/p>\n<p class=\"sc-c25743f0-0 sc-e37c0145-2 hObFds DQgPn\">Under onsdagen uppgav Sverige, Tyskland, Frankrike och Norge att de skickar milit\u00e4r till Gr\u00f6nland.<\/p>\n","protected":false},"excerpt":{"rendered":"Europa \u00e4r pressat efter Trumps hot om att ta \u00f6ver Gr\u00f6nland \u2013 vilket Rysslands tidigare president Dmitrij Medvedev&hellip;\n","protected":false},"author":2,"featured_media":136894,"comment_status":"","ping_status":"","sticky":false,"template":"","format":"standard","meta":{"footnotes":""},"categories":[14],"tags":[22,23,26,27,17,21,24,25,28,29,15,16,18,34,31,33,32,30,19,20,51,52,53,54],"class_list":{"0":"post-136893","1":"post","2":"type-post","3":"status-publish","4":"format-standard","5":"has-post-thumbnail","7":"category-varlden","8":"tag-breaking-news","9":"tag-breakingnews","10":"tag-featured-news","11":"tag-featurednews","12":"tag-headlines","13":"tag-huvudnyheter","14":"tag-latest-news","15":"tag-latestnews","16":"tag-main-news","17":"tag-mainnews","18":"tag-news","19":"tag-nyheter","20":"tag-rubriker","21":"tag-se","22":"tag-svenska","23":"tag-sverige","24":"tag-sweden","25":"tag-swedish","26":"tag-top-stories","27":"tag-topstories","28":"tag-varlden","29":"tag-world","30":"tag-world-news","31":"tag-worldnews"},"share_on_mastodon":{"url":"https:\/\/pubeurope.com\/@se\/115898811939370379","error":""},"_links":{"self":[{"href":"https:\/\/www.europesays.com\/se\/wp-json\/wp\/v2\/posts\/136893","targetHints":{"allow":["GET"]}}],"collection":[{"href":"https:\/\/www.europesays.com\/se\/wp-json\/wp\/v2\/posts"}],"about":[{"href":"https:\/\/www.europesays.com\/se\/wp-json\/wp\/v2\/types\/post"}],"author":[{"embeddable":true,"href":"https:\/\/www.europesays.com\/se\/wp-json\/wp\/v2\/users\/2"}],"replies":[{"embeddable":true,"href":"https:\/\/www.europesays.com\/se\/wp-json\/wp\/v2\/comments?post=136893"}],"version-history":[{"count":0,"href":"https:\/\/www.europesays.com\/se\/wp-json\/wp\/v2\/posts\/136893\/revisions"}],"wp:featuredmedia":[{"embeddable":true,"href":"https:\/\/www.europesays.com\/se\/wp-json\/wp\/v2\/media\/136894"}],"wp:attachment":[{"href":"https:\/\/www.europesays.com\/se\/wp-json\/wp\/v2\/media?parent=136893"}],"wp:term":[{"taxonomy":"category","embeddable":true,"href":"https:\/\/www.europesays.com\/se\/wp-json\/wp\/v2\/categories?post=136893"},{"taxonomy":"post_tag","embeddable":true,"href":"https:\/\/www.europesays.com\/se\/wp-json\/wp\/v2\/tags?post=136893"}],"curies":[{"name":"wp","href":"https:\/\/api.w.org\/{rel}","templated":true}]}}