{"id":136912,"date":"2026-01-15T11:25:09","date_gmt":"2026-01-15T11:25:09","guid":{"rendered":"https:\/\/www.europesays.com\/se\/136912\/"},"modified":"2026-01-15T11:25:09","modified_gmt":"2026-01-15T11:25:09","slug":"miljostuga-byggs-med-atervunnet-material-i-uppsala","status":"publish","type":"post","link":"https:\/\/www.europesays.com\/se\/136912\/","title":{"rendered":"Milj\u00f6stuga byggs med \u00e5tervunnet material i Uppsala"},"content":{"rendered":"<p>Bygget vid korsningen D\u00f6belnsgatan och Dag Hammarskj\u00f6lds v\u00e4g \u00e4r ett pilotprojekt. Tillsammans med NCC vill Uppsalahem testa hur l\u00e5ngt man kan g\u00e5 i att \u00e5terbruka gammalt byggmaterial vid nybyggnationer.B\u00e5da f\u00f6retagen beskriver bygget som ett sp\u00e4nnande test.\u00a0Att jobba och bygga med hj\u00e4lp av \u00e5tervunnet material har de gjort tidigare. Men inte i den omfattning som det han<\/p>\n","protected":false},"excerpt":{"rendered":"Bygget vid korsningen D\u00f6belnsgatan och Dag Hammarskj\u00f6lds v\u00e4g \u00e4r ett pilotprojekt. Tillsammans med NCC vill Uppsalahem testa hur&hellip;\n","protected":false},"author":2,"featured_media":136913,"comment_status":"","ping_status":"","sticky":false,"template":"","format":"standard","meta":{"footnotes":""},"categories":[65],"tags":[72,70,71,34,31,33,32,30],"class_list":{"0":"post-136912","1":"post","2":"type-post","3":"status-publish","4":"format-standard","5":"has-post-thumbnail","7":"category-ekonomi","8":"tag-business","9":"tag-economy","10":"tag-ekonomi","11":"tag-se","12":"tag-svenska","13":"tag-sverige","14":"tag-sweden","15":"tag-swedish"},"share_on_mastodon":{"url":"https:\/\/pubeurope.com\/@se\/115898870846066531","error":""},"_links":{"self":[{"href":"https:\/\/www.europesays.com\/se\/wp-json\/wp\/v2\/posts\/136912","targetHints":{"allow":["GET"]}}],"collection":[{"href":"https:\/\/www.europesays.com\/se\/wp-json\/wp\/v2\/posts"}],"about":[{"href":"https:\/\/www.europesays.com\/se\/wp-json\/wp\/v2\/types\/post"}],"author":[{"embeddable":true,"href":"https:\/\/www.europesays.com\/se\/wp-json\/wp\/v2\/users\/2"}],"replies":[{"embeddable":true,"href":"https:\/\/www.europesays.com\/se\/wp-json\/wp\/v2\/comments?post=136912"}],"version-history":[{"count":0,"href":"https:\/\/www.europesays.com\/se\/wp-json\/wp\/v2\/posts\/136912\/revisions"}],"wp:featuredmedia":[{"embeddable":true,"href":"https:\/\/www.europesays.com\/se\/wp-json\/wp\/v2\/media\/136913"}],"wp:attachment":[{"href":"https:\/\/www.europesays.com\/se\/wp-json\/wp\/v2\/media?parent=136912"}],"wp:term":[{"taxonomy":"category","embeddable":true,"href":"https:\/\/www.europesays.com\/se\/wp-json\/wp\/v2\/categories?post=136912"},{"taxonomy":"post_tag","embeddable":true,"href":"https:\/\/www.europesays.com\/se\/wp-json\/wp\/v2\/tags?post=136912"}],"curies":[{"name":"wp","href":"https:\/\/api.w.org\/{rel}","templated":true}]}}