{"id":136914,"date":"2026-01-15T11:27:19","date_gmt":"2026-01-15T11:27:19","guid":{"rendered":"https:\/\/www.europesays.com\/se\/136914\/"},"modified":"2026-01-15T11:27:19","modified_gmt":"2026-01-15T11:27:19","slug":"brand-i-villa-man-dod","status":"publish","type":"post","link":"https:\/\/www.europesays.com\/se\/136914\/","title":{"rendered":"Brand i villa \u2013 man d\u00f6d"},"content":{"rendered":"<p><a data-test-tag=\"internal-link\" href=\"https:\/\/www.aftonbladet.se\/av\/hans-osterman\" class=\"hyperion-css-13ns1rr\" rel=\"nofollow noopener\" target=\"\" aria-label=\"Se alla artiklar av Hans \u00d6sterman\"><img decoding=\"async\" class=\"image-asset hyperion-css-n6kkq1\" data-test-tag=\"image-asset\" src=\"https:\/\/www.europesays.com\/se\/wp-content\/uploads\/2026\/01\/1768476439_243_3a5e20f0-4830-46ba-9df0-3077125d38dd.png\"  alt=\"\"  loading=\"lazy\" fetchpriority=\"auto\" style=\"aspect-ratio:1900 \/ 1900\"\/><\/a><\/p>\n<p class=\"boxtextgrotesk-root_baa6 hyperion-css-7pajle\">Uppdaterad 04.23 | Publicerad 00.04<\/p>\n<p>share-arrowDela<\/p>\n<p>unsaveSpara<\/p>\n<p class=\"hyperion-css-1shl3oz\" data-test-tag=\"lead-text\">En \u00e4ldre man dog i en villabrand i \u00c4lvsj\u00f6 i s\u00f6dra Stockholm sent p\u00e5 p\u00e5 onsdagskv\u00e4llen.<\/p>\n<p class=\"hyperion-css-1v9qo5x\">R\u00e4ddningstj\u00e4nsten larmades av vittnen klockan 23.49.<\/p>\n<p class=\"hyperion-css-1v9qo5x\">\u2013 Det \u00e4r en fullt utvecklad brand. Vi har p\u00e5b\u00f6rjat sl\u00e4ckning, sa ledningsbef\u00e4l Henrik Jynnersj\u00f6 kort efter\u00e5t.<\/p>\n<p class=\"hyperion-css-1v9qo5x\">Den d\u00f6de mannen togs ut ur tv\u00e5v\u00e5ningshuset av r\u00f6kdykare. Han var under den tidiga torsdagsmorgonen inte identifierad, men polisen har underr\u00e4ttat anh\u00f6riga till den man som \u00e4r skriven i huset.<\/p>\n<p class=\"hyperion-css-1v9qo5x\">Polisen har rutinm\u00e4ssigt inlett en f\u00f6runders\u00f6kning om mordbrand \u2013 en brottsrubricering som inte automatiskt betyder n\u00e5gon misst\u00e4nks ha blivit m\u00f6rdad men som anv\u00e4nds f\u00f6r att omst\u00e4ndigheterna ska kunna utredas.<\/p>\n<p class=\"hyperion-css-1v9qo5x\">\u2013 I nul\u00e4get finns inget som tyder p\u00e5 brott, s\u00e4ger vakthavande polisbef\u00e4l Anders Mattsson.<\/p>\n","protected":false},"excerpt":{"rendered":"Uppdaterad 04.23 | Publicerad 00.04 share-arrowDela unsaveSpara En \u00e4ldre man dog i en villabrand i \u00c4lvsj\u00f6 i s\u00f6dra&hellip;\n","protected":false},"author":2,"featured_media":136915,"comment_status":"","ping_status":"","sticky":false,"template":"","format":"standard","meta":{"footnotes":""},"categories":[12],"tags":[22,23,26,27,17,21,24,25,28,29,15,16,18,34,31,33,32,30,19,20],"class_list":{"0":"post-136914","1":"post","2":"type-post","3":"status-publish","4":"format-standard","5":"has-post-thumbnail","7":"category-sverige","8":"tag-breaking-news","9":"tag-breakingnews","10":"tag-featured-news","11":"tag-featurednews","12":"tag-headlines","13":"tag-huvudnyheter","14":"tag-latest-news","15":"tag-latestnews","16":"tag-main-news","17":"tag-mainnews","18":"tag-news","19":"tag-nyheter","20":"tag-rubriker","21":"tag-se","22":"tag-svenska","23":"tag-sverige","24":"tag-sweden","25":"tag-swedish","26":"tag-top-stories","27":"tag-topstories"},"share_on_mastodon":{"url":"https:\/\/pubeurope.com\/@se\/115898878818509149","error":""},"_links":{"self":[{"href":"https:\/\/www.europesays.com\/se\/wp-json\/wp\/v2\/posts\/136914","targetHints":{"allow":["GET"]}}],"collection":[{"href":"https:\/\/www.europesays.com\/se\/wp-json\/wp\/v2\/posts"}],"about":[{"href":"https:\/\/www.europesays.com\/se\/wp-json\/wp\/v2\/types\/post"}],"author":[{"embeddable":true,"href":"https:\/\/www.europesays.com\/se\/wp-json\/wp\/v2\/users\/2"}],"replies":[{"embeddable":true,"href":"https:\/\/www.europesays.com\/se\/wp-json\/wp\/v2\/comments?post=136914"}],"version-history":[{"count":0,"href":"https:\/\/www.europesays.com\/se\/wp-json\/wp\/v2\/posts\/136914\/revisions"}],"wp:featuredmedia":[{"embeddable":true,"href":"https:\/\/www.europesays.com\/se\/wp-json\/wp\/v2\/media\/136915"}],"wp:attachment":[{"href":"https:\/\/www.europesays.com\/se\/wp-json\/wp\/v2\/media?parent=136914"}],"wp:term":[{"taxonomy":"category","embeddable":true,"href":"https:\/\/www.europesays.com\/se\/wp-json\/wp\/v2\/categories?post=136914"},{"taxonomy":"post_tag","embeddable":true,"href":"https:\/\/www.europesays.com\/se\/wp-json\/wp\/v2\/tags?post=136914"}],"curies":[{"name":"wp","href":"https:\/\/api.w.org\/{rel}","templated":true}]}}