{"id":136925,"date":"2026-01-15T11:36:09","date_gmt":"2026-01-15T11:36:09","guid":{"rendered":"https:\/\/www.europesays.com\/se\/136925\/"},"modified":"2026-01-15T11:36:09","modified_gmt":"2026-01-15T11:36:09","slug":"mycket-mork-dag-for-oss","status":"publish","type":"post","link":"https:\/\/www.europesays.com\/se\/136925\/","title":{"rendered":"\u201dMycket m\u00f6rk dag f\u00f6r oss\u201d"},"content":{"rendered":"<p><a data-test-tag=\"internal-link\" href=\"https:\/\/www.aftonbladet.se\/av\/mariela-quintana-melin\" class=\"hyperion-css-13ns1rr\" rel=\"nofollow noopener\" target=\"\" aria-label=\"Se alla artiklar av Mariela Quintana Melin\"><img decoding=\"async\" class=\"image-asset hyperion-css-n6kkq1\" data-test-tag=\"image-asset\" src=\"https:\/\/www.europesays.com\/se\/wp-content\/uploads\/2026\/01\/1768476968_635_45ab1c47-658b-4c7d-bfe6-463d085cb721.png\"  alt=\"\"  loading=\"lazy\" fetchpriority=\"auto\" style=\"aspect-ratio:1900 \/ 1900\"\/><\/a><\/p>\n<p class=\"boxtextgrotesk-root_baa6 hyperion-css-7pajle\">Uppdaterad 12.28 | Publicerad 11.46<\/p>\n<p>share-arrowDela<\/p>\n<p>unsaveSpara<\/p>\n<p>expand-left<\/p>\n<p>helsk\u00e4rm<img decoding=\"async\" class=\"image-asset hyperion-css-u06ts1\" data-test-tag=\"image-asset\" src=\"https:\/\/www.europesays.com\/se\/wp-content\/uploads\/2026\/01\/71bafea5-fee0-4313-8aec-0b53a7e4f7ad.jpeg\"  alt=\"Arkivbild. \"  loading=\"eager\" fetchpriority=\"high\" style=\"aspect-ratio:1360 \/ 801\"\/>Arkivbild. Foto: Claus Gertsen \/TT<\/p>\n<p class=\"hyperion-css-1shl3oz\" data-test-tag=\"lead-text\">Det var under en uppk\u00f6rning som k\u00f6rskolebilen frontalkrockade med en lastbil i S\u00f6dert\u00e4lje p\u00e5 onsdagen.<\/p>\n<p class=\"hyperion-css-1shl3oz\" data-test-tag=\"lead-text\">Trafikinspekt\u00f6ren dog. K\u00f6rkortsaspiranten skadades.<\/p>\n<p class=\"hyperion-css-1shl3oz\" data-test-tag=\"lead-text\">\u2013 Det \u00e4r en mycket m\u00f6rk dag f\u00f6r oss, s\u00e4ger Sofia Lindahl, kommunikationschef f\u00f6r Trafikverket f\u00f6rarprov.\u00a0<\/p>\n<p class=\"hyperion-css-1v9qo5x\">En k\u00f6rskolebil och en lastbil frontalkrockade p\u00e5 en v\u00e4g utanf\u00f6r S\u00f6dert\u00e4lje vid 14-tiden p\u00e5 onsdagen. En man i k\u00f6rskolebilen dog. En annan person i bilen f\u00f6rdes till sjukhus.<\/p>\n<p class=\"hyperion-css-1v9qo5x\">Nu bekr\u00e4ftar Trafikverket att det var deras trafikinspekt\u00f6r som avled.<\/p>\n<p class=\"hyperion-css-1v9qo5x\">\u2013 I\u00a0g\u00e5r h\u00e4nde det som aldrig f\u00e5r h\u00e4nda. Det \u00e4r med stor sorg som vi konstaterar att det var en medarbetare till oss som avled och att det var en k\u00f6rkortsaspirant som skadades, s\u00e4ger Sofia Lindahl, kommunikationschef f\u00f6r Trafikverket f\u00f6rarprov.<\/p>\n<p class=\"hyperion-css-1v9qo5x\">St\u00e4mningen hos Trafikverket \u00e4r i\u00a0dag tung, ber\u00e4ttar hon. Krisst\u00f6d till kollegorna \u00e4r aktiverat. Kontoret i S\u00f6dert\u00e4lje \u00e4r st\u00e4ngt under torsdagen och fredagen.<\/p>\n<p class=\"hyperion-css-1v9qo5x\">\u2013 V\u00e5ra tankar g\u00e5r till de anh\u00f6riga och alla som har drabbats och ber\u00f6rs av det h\u00e4r. Det var m\u00e5nga som k\u00e4nde den h\u00e4r trafikinspekt\u00f6ren. Det h\u00e4r ber\u00f6r oss alla djupt, s\u00e4ger Sofia Lindahl.<\/p>\n<p>expand-left<\/p>\n<p>helsk\u00e4rm<img decoding=\"async\" class=\"image-asset hyperion-css-u06ts1\" data-test-tag=\"image-asset\" src=\"https:\/\/www.europesays.com\/se\/wp-content\/uploads\/2026\/01\/0c37fe13-fe78-4597-aa1f-35d3c566d08e.jpeg\"  alt=\"Sn\u00f6fall i Stockholm. Arkivbild. \"  loading=\"eager\" fetchpriority=\"high\" style=\"aspect-ratio:1900 \/ 1267\"\/>Sn\u00f6fall i Stockholm. Arkivbild. Foto: Pontus OrrePolisen utreder<\/p>\n<p class=\"hyperion-css-1v9qo5x\">Skadel\u00e4get f\u00f6r den skadade eleven \u00e4r oklart. Likas\u00e5 vad som l\u00e5g bakom olyckan.<\/p>\n<p class=\"hyperion-css-1v9qo5x\">\u2013 Det h\u00e5ller polisen p\u00e5 att utreda. Vi kommer anm\u00e4la det h\u00e4r till Arbetsmilj\u00f6verket som en arbetsplatsolycka, s\u00e4ger Sofia Lindahl.<\/p>\n<p class=\"hyperion-css-1v9qo5x\"><strong>Under onsdagen var det gul varning f\u00f6r sn\u00f6fall i Stockholmsomr\u00e5det. Varf\u00f6r genomf\u00f6rdes \u00e4nd\u00e5 f\u00f6rarprov?<\/strong><\/p>\n<p class=\"hyperion-css-1v9qo5x\">\u2013 Vi g\u00f6r alltid lokala bed\u00f6mningar efter v\u00e4derl\u00e4get. Nu \u00e4r det v\u00e4ldigt tidigt i utredningen och vi vill inte spekulera vad som ligger bakom. Men arbete i trafikmilj\u00f6 \u00e4r alltid riskfyllt. I\u00a0dag ligger d\u00e4remot allt v\u00e5rt fokus p\u00e5 att ta hand om de ber\u00f6rda, s\u00e4ger Sofia Lindahl.<\/p>\n<p>Lastbilsf\u00f6raren anh\u00e5llen<\/p>\n<p class=\"hyperion-css-1v9qo5x\">Efter olyckan greps lastbilsf\u00f6raren misst\u00e4nkt f\u00f6r grov v\u00e5rdsl\u00f6shet i trafik och grovt v\u00e5llande till annans d\u00f6d. <\/p>\n<p class=\"hyperion-css-1v9qo5x\">\u2013 Han \u00e4r numera anh\u00e5llen f\u00f6r v\u00e5llande till annans d\u00f6d, grovt brott samt grov v\u00e5rdsl\u00f6shet i trafik, s\u00e4ger \u00e5klagaren Johanna Levin, som nu leder f\u00f6runders\u00f6kningen.<\/p>\n<p class=\"hyperion-css-1v9qo5x\">Senast den 17 januari beh\u00f6ver \u00e5klagaren ta st\u00e4llning till om hon ska beg\u00e4ra mannen h\u00e4ktad.<\/p>\n<p>Inst\u00e4llda f\u00f6rarprov<\/p>\n<p class=\"hyperion-css-1v9qo5x\">Uppk\u00f6rningarna i S\u00f6dert\u00e4lje \u00e4r inst\u00e4llda. \u00c4ven i Farsta har uppk\u00f6rningar st\u00e4llts in, enligt l\u00e4sare. <\/p>\n<p class=\"hyperion-css-1v9qo5x\">\u2013 Verksamheten ber\u00f6rs p\u00e5 m\u00e5nga olika s\u00e4tt och vi hanterar det som det beh\u00f6vs hanteras. Jag hoppas att det det finns f\u00f6rst\u00e5else. Alla ber\u00f6rda kunder kommer att kontaktas. Det arbetar vi intensivt med, s\u00e4ger Sofia Lindahl. <\/p>\n","protected":false},"excerpt":{"rendered":"Uppdaterad 12.28 | Publicerad 11.46 share-arrowDela unsaveSpara expand-left helsk\u00e4rmArkivbild. Foto: Claus Gertsen \/TT Det var under en uppk\u00f6rning&hellip;\n","protected":false},"author":2,"featured_media":136926,"comment_status":"","ping_status":"","sticky":false,"template":"","format":"standard","meta":{"footnotes":""},"categories":[5],"tags":[22,23,26,27,17,21,24,25,28,29,15,16,18,34,31,33,32,30,19,20],"class_list":{"0":"post-136925","1":"post","2":"type-post","3":"status-publish","4":"format-standard","5":"has-post-thumbnail","7":"category-rubriker","8":"tag-breaking-news","9":"tag-breakingnews","10":"tag-featured-news","11":"tag-featurednews","12":"tag-headlines","13":"tag-huvudnyheter","14":"tag-latest-news","15":"tag-latestnews","16":"tag-main-news","17":"tag-mainnews","18":"tag-news","19":"tag-nyheter","20":"tag-rubriker","21":"tag-se","22":"tag-svenska","23":"tag-sverige","24":"tag-sweden","25":"tag-swedish","26":"tag-top-stories","27":"tag-topstories"},"share_on_mastodon":{"url":"https:\/\/pubeurope.com\/@se\/115898914125030214","error":""},"_links":{"self":[{"href":"https:\/\/www.europesays.com\/se\/wp-json\/wp\/v2\/posts\/136925","targetHints":{"allow":["GET"]}}],"collection":[{"href":"https:\/\/www.europesays.com\/se\/wp-json\/wp\/v2\/posts"}],"about":[{"href":"https:\/\/www.europesays.com\/se\/wp-json\/wp\/v2\/types\/post"}],"author":[{"embeddable":true,"href":"https:\/\/www.europesays.com\/se\/wp-json\/wp\/v2\/users\/2"}],"replies":[{"embeddable":true,"href":"https:\/\/www.europesays.com\/se\/wp-json\/wp\/v2\/comments?post=136925"}],"version-history":[{"count":0,"href":"https:\/\/www.europesays.com\/se\/wp-json\/wp\/v2\/posts\/136925\/revisions"}],"wp:featuredmedia":[{"embeddable":true,"href":"https:\/\/www.europesays.com\/se\/wp-json\/wp\/v2\/media\/136926"}],"wp:attachment":[{"href":"https:\/\/www.europesays.com\/se\/wp-json\/wp\/v2\/media?parent=136925"}],"wp:term":[{"taxonomy":"category","embeddable":true,"href":"https:\/\/www.europesays.com\/se\/wp-json\/wp\/v2\/categories?post=136925"},{"taxonomy":"post_tag","embeddable":true,"href":"https:\/\/www.europesays.com\/se\/wp-json\/wp\/v2\/tags?post=136925"}],"curies":[{"name":"wp","href":"https:\/\/api.w.org\/{rel}","templated":true}]}}