{"id":136933,"date":"2026-01-15T11:42:09","date_gmt":"2026-01-15T11:42:09","guid":{"rendered":"https:\/\/www.europesays.com\/se\/136933\/"},"modified":"2026-01-15T11:42:09","modified_gmt":"2026-01-15T11:42:09","slug":"oppet-brev-till-sveriges-eu-parlamentariker-sveriges-regering-och-riksdagens-eu-namnd","status":"publish","type":"post","link":"https:\/\/www.europesays.com\/se\/136933\/","title":{"rendered":"\u00d6ppet brev till Sveriges EU-parlamentariker, Sveriges regering och riksdagens EU-n\u00e4mnd"},"content":{"rendered":"<p>\t\t\t\t\t\t\t\t\t\tIdag 10:59<br \/>\n\t\tUndertecknade medborgare i EU-landet Sverige kr\u00e4ver att v\u00e5ra EU-parlamentariker, regeringen och riksdagens EU-n\u00e4mnd skyndsamt agerar f\u00f6r att upph\u00e4va det r\u00e4ttsvidriga beslutet att inf\u00f6ra sanktioner mot Jacques Baud.\u00a0\t\t<\/p>\n<p>Vi \u00f6nskar ocks\u00e5 att en juridisk granskning av anklagelserna mot de \u00f6vriga som belagts med sanktioner g\u00f6rs. F\u00f6rfaringss\u00e4ttet att utrikesr\u00e5det, utan m\u00f6jlighet till insyn fr\u00e5n EU-parlamentet, env\u00e4ldigt kan fatta beslut med s\u00e5 \u00f6desdigra konsekvenser f\u00f6r personerna som bel\u00e4ggs med sanktioner, b\u00f6r tas upp till allvarligt \u00f6verv\u00e4gande i EU-parlamentet.\u00a0<\/p>\n<p>Det har kommit till v\u00e5r k\u00e4nnedom att Europeiska unionens utrikesr\u00e5d den 15 december 2025 inf\u00f6rde sanktioner mot den schweiziske tidigare officeren Jaques Baud. Sk\u00e4let till sanktionerna lyder: \u201dJacques Baud, f d \u00f6verste i den schweiziska arm\u00e9n och strategisk analytiker, \u00e4r en \u00e5terkommande g\u00e4st i proryska tv- och radioprogram. Han fungerar som spr\u00e5kr\u00f6r f\u00f6r prorysk propaganda och skapar konspirationsteorier, till exempel anklagar han Ukraina f\u00f6r att ha iscensatt invasionen f\u00f6r att kunna ansluta sig till Nato.<\/p>\n<p>Jacques Baud \u00e4r d\u00e4rmed ansvarig f\u00f6r, genomf\u00f6r eller st\u00f6der handlingar eller politik som kan tillskrivas Ryska federationens regering vilka undergr\u00e4ver eller hotar stabiliteten eller s\u00e4kerheten i ett tredjeland (Ukraina) genom att delta i anv\u00e4ndningen av informationsmanipulering och inblandning\u201d.<\/p>\n<p>Jacques Baud har varit verksam som diplomat och medlare i m\u00e5nga konflikter och arbetade f\u00f6r Nato i Ukraina 2014. Han har skrivit b\u00f6cker och artiklar och medverkat i en rad intervjuer och samtal, d\u00e4r han framf\u00f6rt kritiska synpunkter p\u00e5 USA:s, EU:s och Natos hantering av kriget i Ukraina. Baud \u00e4r noga med att endast anv\u00e4nda v\u00e4stliga och ukrainska k\u00e4llor till st\u00f6d f\u00f6r sina utsagor.\u00a0<\/p>\n<p>S\u00e5 till exempel st\u00f6djer han tanken om Ukrainas eget intresse av ett krig med Ryssland p\u00e5 ett uttalande den 18 mars 2019 av den ukrainske f d officeren Alexey Arestovich, sedermera r\u00e5dgivare i president Zelenskijs kansli, att Ukraina skulle beh\u00f6va ett krig med Ryssland f\u00f6r att kunna g\u00e5 med i Nato. F\u00f6r den som sj\u00e4lv vill h\u00f6ra Arestovichs argumentering f\u00f6r att ett krig med Ryssland skulle vara n\u00f6dv\u00e4ndigt finns en video fr\u00e5n den 18 februari 2019 tillg\u00e4nglig p\u00e5 Youtube.\u00a0<\/p>\n<p>I sina medlingsuppdrag har Baud alltid varit angel\u00e4gen att vara neutral och lyssna p\u00e5 b\u00e5da kontrahenterna. Samma tillv\u00e4gag\u00e5ngss\u00e4tt till\u00e4mpar han p\u00e5 sin analys av kriget i Ukraina. \u00a0<\/p>\n<p>Att somliga av Bauds utsagor sammanfaller med \u00e5sikterna hos den ryska statsledningen b\u00f6r inte kunna tas till int\u00e4kt f\u00f6r anklagelsen att bedriva rysk propaganda d\u00e5 de \u00e4r grundade p\u00e5 fakta. \u00a0<\/p>\n<p>Sanktionerna drabbar Jacques Baud synnerligen h\u00e5rt. Han till\u00e5ts inte passera gr\u00e4ns till EU-land, inte heller passera EU:s luftrum. Hans banktillg\u00e5ngar \u00e4r frysta. Eftersom han f\u00f6r n\u00e4rvarande \u00e4r bosatt i Bryssel kan han inte resa till sitt hemland Schweiz. Det \u00e4r inte till\u00e5tet f\u00f6r EU-medborgare att hj\u00e4lpa honom med pengar.<\/p>\n<p>Under \u00e5ret har 59 opinionsbildare, journalister och milit\u00e4rer blivit belagda med sanktioner av Europaunionen. Beslutsfattare \u00e4r Europeiska unionens utrikesr\u00e5d som best\u00e5r av medlemsstaternas utrikesministrar. Diskussionerna protokollf\u00f6rs inte och n\u00e5gra bevis f\u00f6r anklagelserna l\u00e4ggs inte fram.\u00a0<\/p>\n<p>Sanktionsbesluten \u00e4r politiska och eftersom de inte grundar sig p\u00e5 n\u00e5gon juridisk dom har de, som drabbas av sanktionerna, ytterst sm\u00e5 om ens n\u00e5gra, m\u00f6jligheter att f\u00f6rsvara sig eller \u00f6verklaga. F\u00f6rfarandet inneb\u00e4r en allvarlig inskr\u00e4nkning av yttrandefriheten eftersom det tvekl\u00f6st leder till sj\u00e4lvcensur. Det \u00e4r sv\u00e5rt att se att det \u00e4r f\u00f6renligt med ett demokratiskt styrelseskick. Det leder tankarna till medeltiden, d\u00e5 m\u00e4nniskor bannlystes och d\u00f6mdes till fredl\u00f6shet.\u00a0<\/p>\n<p>Som medborgare i ett EU-land kr\u00e4ver vi att v\u00e5ra EU-parlamentariker, regeringen och riksdagens EU-n\u00e4mnd skyndsamt agerar f\u00f6r att upph\u00e4va det r\u00e4ttsvidriga beslutet att inf\u00f6ra sanktioner mot Jacques Baud.\u00a0<\/p>\n<p>Vi \u00f6nskar ocks\u00e5 att en juridisk granskning av anklagelserna mot de \u00f6vriga som belagts med sanktioner g\u00f6rs. F\u00f6rfaringss\u00e4ttet att utrikesr\u00e5det, utan m\u00f6jlighet till insyn fr\u00e5n EU-parlamentet, env\u00e4ldigt kan fatta beslut med s\u00e5 \u00f6desdigra konsekvenser f\u00f6r personerna som bel\u00e4ggs med sanktioner, b\u00f6r tas upp till allvarligt \u00f6verv\u00e4gande i EU-parlamentet.\u00a0<\/p>\n<p><strong>Lena Jarl\u00f6v, arkitekt, Hamburgsund<\/strong><\/p>\n<p><strong>Lisa Ahlqvist, G\u00f6teborg<\/strong><\/p>\n<p><strong>Karin Alexanderson, fil dr i socialt arbete, Gr\u00e4ngesberg<\/strong><\/p>\n<p><strong>Bo Alvberger, f d kommunpolitiker, \u00c4ngelholm<\/strong><\/p>\n<p><strong>Farshid Ardabili-Farshi, fredsaktivist, N\u00e4ssj\u00f6<\/strong><\/p>\n<p><strong>Gunnel Berge, kursledare inom studief\u00f6rbund G\u00f6teborg \u00a0<\/strong><\/p>\n<p><strong>Cecilia Bergh, sjuksk\u00f6terska, Falun<\/strong><\/p>\n<p><strong>Lisbeth Birgersson, arkitekt, G\u00f6teborg<\/strong><\/p>\n<p><strong>Stig Broqvist, pensionerad samh\u00e4llskunskapsl\u00e4rare, Helsingborg\u00a0<\/strong><\/p>\n<p><strong>Karin Utas Carlsson, fil dr, fredsforskare, Jonstorp<\/strong><\/p>\n<p><strong>Anita Christensen, G\u00f6teborg<\/strong><\/p>\n<p><strong>Lars Drake, f d adj. prof, \u00d6sthammar<\/strong><\/p>\n<p><strong>Karin Edling, pension\u00e4r, G\u00f6teborg<\/strong><\/p>\n<p><strong>Ingalill Ek, Uppsala<\/strong><\/p>\n<p><strong>Anita Enmark, pensionerad universitetslektor, Kiruna<\/strong><\/p>\n<p><strong>Annica Ericson, leg f\u00f6rskoll\u00e4rare, Falun<\/strong><\/p>\n<p><strong>Britta Eriksson, pension\u00e4r, G\u00f6teborg<\/strong><\/p>\n<p><strong>Kenneth Eriksson, socionom, G\u00f6teborg<\/strong><\/p>\n<p><strong>Andreas Falk, arkitekt, Fors<\/strong><\/p>\n<p><strong>Erni Friholt, aktiv i fredsr\u00f6relsen p\u00e5 Orust<\/strong><\/p>\n<p><strong>Ola Friholt, aktiv i fredsr\u00f6relsen p\u00e5 Orust<\/strong><\/p>\n<p><strong>Lars Gerdin, pension\u00e4r, \u00c5sa<\/strong><\/p>\n<p><strong>Mia Gerdin, pension\u00e4r, \u00c5sa<\/strong><\/p>\n<p><strong>Susanne Gerstenberg, \u00f6vers\u00e4ttare, Laholm<\/strong><\/p>\n<p><strong>Eva Glader, landskapsarkitekt, G\u00f6teborg<\/strong><\/p>\n<p><strong>Anders Gottberg, antikvarie, Falun\u00a0<\/strong><\/p>\n<p><strong>Birgitta Hedstr\u00f6m, psykolog, Broddetorp<\/strong><\/p>\n<p><strong>Lisbeth Henriksson, leg. psykolog, Link\u00f6ping<\/strong><\/p>\n<p><strong>Marianne Irmelid, G\u00f6teborg<\/strong><\/p>\n<p><strong>Lars Jadelius, arkitekt och docent, G\u00f6teborg<\/strong><\/p>\n<p><strong>Barbro Johansson, pension\u00e4r, T\u00f6reboda<\/strong><\/p>\n<p><strong>Bo Johansson, pensionerad hamnarbetare, G\u00f6teborg<\/strong><\/p>\n<p><strong>Inger Johansson, pensionerad gymnasiel\u00e4rare, G\u00f6teborg<\/strong><\/p>\n<p><strong>Robert Jonsson, pension\u00e4r, G\u00f6teborg\u00a0<\/strong><\/p>\n<p><strong>Barbro Karnf\u00e4lt, konstn\u00e4r, Kville<\/strong><\/p>\n<p><strong>Anja Knutsson, G\u00f6teborg<\/strong><\/p>\n<p><strong>Helena Kretz, informationsdesigner, Dingle\u00a0<\/strong><\/p>\n<p><strong>Johnny Kristoffersen, Lysekil<\/strong><\/p>\n<p><strong>Barbro von Krusenstjerna, G\u00f6teborg<\/strong><\/p>\n<p><strong>Christina Landstr\u00f6m, G\u00f6teborg<\/strong><\/p>\n<p><strong>Thomas Landstr\u00f6m, G\u00f6teborg<\/strong><\/p>\n<p><strong>Lisbeth Larsson, pension\u00e4r, Dingle<\/strong><\/p>\n<p><strong>Monique Larsson, pensionerad f\u00f6rskoll\u00e4rare, G\u00f6teborg<\/strong><\/p>\n<p><strong>My Leffler, aktivist och veterin\u00e4r, Delsbo<\/strong><\/p>\n<p><strong>Sven-Eric Liedman, professor emeritus, G\u00f6teborg<\/strong><\/p>\n<p><strong>Lillemor Ljung, leg sjukgymnast, leg psykoterapeut, G\u00f6teborg\u00a0<\/strong><\/p>\n<p><strong>Maria L\u00f6fgren, f d l\u00e4rare, G\u00f6teborg<\/strong><\/p>\n<p><strong>Kerstin L\u00f6nngren, arkitekt, Huddinge<\/strong><\/p>\n<p><strong>Lena L\u00f6vendahl, pensionerad Waldorff\u00f6rskoll\u00e4rare, Helsingborg<\/strong><\/p>\n<p><strong>Tomas Magnusson, journalist, G\u00f6teborg<\/strong><\/p>\n<p><strong>Mena Macken Nyberg, psykolog, Hunnebostrand<\/strong><\/p>\n<p><strong>Eva Mannheimer, sociolog, G\u00f6teborg<\/strong><\/p>\n<p><strong>Birgit Modh, arkitekt, G\u00f6teborg<\/strong><\/p>\n<p><strong>Ren\u00e9 Mortensen, civilingenj\u00f6r samh\u00e4llsbyggnadsteknik, Karlstad<\/strong><\/p>\n<p><strong>Eva Myrdal, pension\u00e4r, Stockholm<\/strong><\/p>\n<p><strong>Gun-Britt M\u00e4kitalo, Kvinnor f\u00f6r Fred, Kiruna\u00a0<\/strong><\/p>\n<p><strong>Ingrid Nilsson, pensionerad specialpedagog, Res\u00f6<\/strong><\/p>\n<p><strong>Julius Nilsson, elektriker, Helsingborg<\/strong><\/p>\n<p><strong>Rolf Nilsson, pensionerad rektor, Kristianstad<\/strong><\/p>\n<p><strong>Ulf Nilsson, egenf\u00f6retagare, V\u00e4xj\u00f6<\/strong><\/p>\n<p><strong>Ulf Nilsson, pensionerad byggnadspl\u00e5tslagare, Res\u00f6<\/strong><\/p>\n<p><strong>Sri Nimpuno, G\u00f6teborg<\/strong><\/p>\n<p><strong>Margareta Nordh, leg l\u00e4k, Lund<\/strong><\/p>\n<p><strong>Peter Norrthon, civilingenj\u00f6r, G\u00f6teborg<\/strong><\/p>\n<p><strong>Lars Nyberg, v\u00e4rldsmedborgare, Hunnebostrand<\/strong><\/p>\n<p><strong>John N\u00e4sman, pensionerad metallarbetare, G\u00f6teborg<\/strong><\/p>\n<p><strong>Lars Od\u00e9n, tekn lic, G\u00f6teborg<\/strong><\/p>\n<p><strong>Marica Ohlsson, Falun<\/strong><\/p>\n<p><strong>Sven Olofsson, G\u00f6teborg<\/strong><\/p>\n<p><strong>H\u00e5kan Olson, arkitekt, Hamburgsund<\/strong><\/p>\n<p><strong>Crister Olsson, PhD, pension\u00e4r, Helsingborg<\/strong><\/p>\n<p><strong>Dennis Olsson, Partille<\/strong><\/p>\n<p><strong>Igge Olsson, redovisningskonsult, Ubbhult<\/strong><\/p>\n<p><strong>Kristina Olsson, Lysekil<\/strong><\/p>\n<p><strong>Elisabeth Olszon, pensionerad folkh\u00e4lsoplanerare, G\u00f6teborg<\/strong><\/p>\n<p><strong>Inga Palm\u00e9r, bildkonstn\u00e4r, Nyn\u00e4shamn<\/strong><\/p>\n<p><strong>Agneta Persson, G\u00f6teborg<\/strong><\/p>\n<p><strong>Marianne Persson, pensionerad rektor, G\u00f6teborg<\/strong><\/p>\n<p><strong>Eva Rebbling, pension\u00e4r, Harl\u00f6sa\u00a0<\/strong><\/p>\n<p><strong>Anders Romelsj\u00f6, professor emeritus, fredsaktivist, Stockholm<\/strong><\/p>\n<p><strong>Bengt Ros\u00e9n, pension\u00e4r, Norrk\u00f6ping<\/strong><\/p>\n<p><strong>Caroline Runesdotter, lektor, G\u00f6teborg<\/strong><\/p>\n<p><strong>Berndt Sandberg, pension\u00e4r, G\u00f6teborg<\/strong><\/p>\n<p><strong>Elisabeth Sanderson, pensionerad l\u00e4rare och journalist, Lerum<\/strong><\/p>\n<p><strong>Veronica Skoog, Fj\u00e4llbacka<\/strong><\/p>\n<p><strong>Lena Smith, l\u00e4kare, Uppsala<\/strong><\/p>\n<p><strong>Helge Sonntag, Borl\u00e4nge<\/strong><\/p>\n<p><strong>Hugo de Souza, pension\u00e4r, G\u00f6teborg<\/strong><\/p>\n<p><strong>Magnus Stedman, musiker, G\u00f6teborg<\/strong><\/p>\n<p><strong>Barbro Stigsdotter, socionom, Lund<\/strong><\/p>\n<p><strong>Birgitta Sundgren, pensionerad barnmorska, G\u00f6teborg\u00a0<\/strong><\/p>\n<p><strong>Anita Svedin, pension\u00e4r, G\u00f6teborg<\/strong><\/p>\n<p><strong>Annsofi S\u00f6derling, S\u00e4vedalen<\/strong><\/p>\n<p><strong>P-O Tellander, Gr\u00e4ngesberg\u00a0<\/strong><\/p>\n<p><strong>Gunnar Westberg, professor emeritus, G\u00f6teborg<\/strong><\/p>\n<p><strong>Jan Wiklund, Stockholm<\/strong><\/p>\n<p><strong>Gill Widell, pensionerad docent i f\u00f6retagsekonomi, Styrs\u00f6<\/strong><\/p>\n<p><strong>Sylvette Wikstr\u00f6m, konstn\u00e4r, Hamburgsund<\/strong><\/p>\n<p><strong>Christina \u00c4rlestig, konstn\u00e4r, Dingle<\/strong><\/p>\n<p><strong>Elisabeth \u00d6zdalga, sociolog, G\u00f6teborg<\/strong><\/p>\n<p><strong>Tack f\u00f6r att du st\u00f6ttar oberoende\u00a0lokaljournalistik! <a href=\"https:\/\/www.tidningenvastsverige.se\/prenumeration\/\" rel=\"nofollow noopener\" target=\"_blank\">L\u00e4s alla artiklar i Tidningen V\u00e4stsverige!<\/a><\/strong><\/p>\n<p>Publicerad: 15 januari, 2026 &#8211; 10:59\t<\/p>\n","protected":false},"excerpt":{"rendered":"Idag 10:59 Undertecknade medborgare i EU-landet Sverige kr\u00e4ver att v\u00e5ra EU-parlamentariker, regeringen och riksdagens EU-n\u00e4mnd skyndsamt agerar f\u00f6r&hellip;\n","protected":false},"author":2,"featured_media":136934,"comment_status":"","ping_status":"","sticky":false,"template":"","format":"standard","meta":{"footnotes":""},"categories":[14],"tags":[22,23,26,27,17,21,24,25,28,29,15,16,18,34,31,33,32,30,19,20,51,52,53,54],"class_list":{"0":"post-136933","1":"post","2":"type-post","3":"status-publish","4":"format-standard","5":"has-post-thumbnail","7":"category-varlden","8":"tag-breaking-news","9":"tag-breakingnews","10":"tag-featured-news","11":"tag-featurednews","12":"tag-headlines","13":"tag-huvudnyheter","14":"tag-latest-news","15":"tag-latestnews","16":"tag-main-news","17":"tag-mainnews","18":"tag-news","19":"tag-nyheter","20":"tag-rubriker","21":"tag-se","22":"tag-svenska","23":"tag-sverige","24":"tag-sweden","25":"tag-swedish","26":"tag-top-stories","27":"tag-topstories","28":"tag-varlden","29":"tag-world","30":"tag-world-news","31":"tag-worldnews"},"share_on_mastodon":{"url":"https:\/\/pubeurope.com\/@se\/115898937747736629","error":""},"_links":{"self":[{"href":"https:\/\/www.europesays.com\/se\/wp-json\/wp\/v2\/posts\/136933","targetHints":{"allow":["GET"]}}],"collection":[{"href":"https:\/\/www.europesays.com\/se\/wp-json\/wp\/v2\/posts"}],"about":[{"href":"https:\/\/www.europesays.com\/se\/wp-json\/wp\/v2\/types\/post"}],"author":[{"embeddable":true,"href":"https:\/\/www.europesays.com\/se\/wp-json\/wp\/v2\/users\/2"}],"replies":[{"embeddable":true,"href":"https:\/\/www.europesays.com\/se\/wp-json\/wp\/v2\/comments?post=136933"}],"version-history":[{"count":0,"href":"https:\/\/www.europesays.com\/se\/wp-json\/wp\/v2\/posts\/136933\/revisions"}],"wp:featuredmedia":[{"embeddable":true,"href":"https:\/\/www.europesays.com\/se\/wp-json\/wp\/v2\/media\/136934"}],"wp:attachment":[{"href":"https:\/\/www.europesays.com\/se\/wp-json\/wp\/v2\/media?parent=136933"}],"wp:term":[{"taxonomy":"category","embeddable":true,"href":"https:\/\/www.europesays.com\/se\/wp-json\/wp\/v2\/categories?post=136933"},{"taxonomy":"post_tag","embeddable":true,"href":"https:\/\/www.europesays.com\/se\/wp-json\/wp\/v2\/tags?post=136933"}],"curies":[{"name":"wp","href":"https:\/\/api.w.org\/{rel}","templated":true}]}}