{"id":136935,"date":"2026-01-15T11:43:07","date_gmt":"2026-01-15T11:43:07","guid":{"rendered":"https:\/\/www.europesays.com\/se\/136935\/"},"modified":"2026-01-15T11:43:07","modified_gmt":"2026-01-15T11:43:07","slug":"lotta-edholm-presenterar-ny-utredning-om-larosatenas-organisationsform","status":"publish","type":"post","link":"https:\/\/www.europesays.com\/se\/136935\/","title":{"rendered":"Lotta Edholm presenterar ny utredning om l\u00e4ros\u00e4tenas organisationsform"},"content":{"rendered":"<p>&#13;<br \/>\nFredag den 16 januari kl. 12.00 bjuder gymnasie-, h\u00f6gskole- och forskningsminister Lotta Edholm in till en presstr\u00e4ff. P\u00e5 presstr\u00e4ffen presenteras direktiven till en ny utredning om l\u00e4ros\u00e4tenas organisationsform.<\/p>\n<p>            &#13;<br \/>\n                <strong>Tid:<\/strong>&#13;<br \/>\n&#13;<br \/>\n        16 januari 2026 kl. 12.00<br \/>&#13;<br \/>\n&#13;<br \/>\n                <strong>Plats:<\/strong>&#13;<br \/>\nF\u00f6ranm\u00e4lda journalister kan delta p\u00e5 plats i regeringens pressrum, Rosenbad. Ing\u00e5ng Drottninggatan 1.                <\/p>\n<p>&#13;<br \/>\n                    <strong>Praktisk information:<\/strong>&#13;<br \/>\n                    Obligatorisk f\u00f6ranm\u00e4lan senast fredag den 16 januari kl. 11.00 via anm\u00e4lningsformul\u00e4ret nedan. I formul\u00e4ret anger du namn, redaktion och i vilken funktion du vill delta (reporter eller fotograf) samt bekr\u00e4ftar att du har giltig presslegitimation, och vilken organisation som utf\u00e4rdat den. Presslegitimationen ska du sedan visa vid inpassering.&#13;\n                <\/p>\n<p>Inpassering fr\u00e5n kl. 11.30. Deltagande sker i m\u00e5n av plats.<\/p>\n","protected":false},"excerpt":{"rendered":"&#13; Fredag den 16 januari kl. 12.00 bjuder gymnasie-, h\u00f6gskole- och forskningsminister Lotta Edholm in till en presstr\u00e4ff.&hellip;\n","protected":false},"author":2,"featured_media":134209,"comment_status":"","ping_status":"","sticky":false,"template":"","format":"standard","meta":{"footnotes":""},"categories":[12],"tags":[22,23,26,27,17,21,24,25,28,29,15,16,18,34,31,33,32,30,19,20],"class_list":{"0":"post-136935","1":"post","2":"type-post","3":"status-publish","4":"format-standard","5":"has-post-thumbnail","7":"category-sverige","8":"tag-breaking-news","9":"tag-breakingnews","10":"tag-featured-news","11":"tag-featurednews","12":"tag-headlines","13":"tag-huvudnyheter","14":"tag-latest-news","15":"tag-latestnews","16":"tag-main-news","17":"tag-mainnews","18":"tag-news","19":"tag-nyheter","20":"tag-rubriker","21":"tag-se","22":"tag-svenska","23":"tag-sverige","24":"tag-sweden","25":"tag-swedish","26":"tag-top-stories","27":"tag-topstories"},"share_on_mastodon":{"url":"https:\/\/pubeurope.com\/@se\/115898941629649971","error":""},"_links":{"self":[{"href":"https:\/\/www.europesays.com\/se\/wp-json\/wp\/v2\/posts\/136935","targetHints":{"allow":["GET"]}}],"collection":[{"href":"https:\/\/www.europesays.com\/se\/wp-json\/wp\/v2\/posts"}],"about":[{"href":"https:\/\/www.europesays.com\/se\/wp-json\/wp\/v2\/types\/post"}],"author":[{"embeddable":true,"href":"https:\/\/www.europesays.com\/se\/wp-json\/wp\/v2\/users\/2"}],"replies":[{"embeddable":true,"href":"https:\/\/www.europesays.com\/se\/wp-json\/wp\/v2\/comments?post=136935"}],"version-history":[{"count":0,"href":"https:\/\/www.europesays.com\/se\/wp-json\/wp\/v2\/posts\/136935\/revisions"}],"wp:featuredmedia":[{"embeddable":true,"href":"https:\/\/www.europesays.com\/se\/wp-json\/wp\/v2\/media\/134209"}],"wp:attachment":[{"href":"https:\/\/www.europesays.com\/se\/wp-json\/wp\/v2\/media?parent=136935"}],"wp:term":[{"taxonomy":"category","embeddable":true,"href":"https:\/\/www.europesays.com\/se\/wp-json\/wp\/v2\/categories?post=136935"},{"taxonomy":"post_tag","embeddable":true,"href":"https:\/\/www.europesays.com\/se\/wp-json\/wp\/v2\/tags?post=136935"}],"curies":[{"name":"wp","href":"https:\/\/api.w.org\/{rel}","templated":true}]}}