{"id":136941,"date":"2026-01-15T11:49:07","date_gmt":"2026-01-15T11:49:07","guid":{"rendered":"https:\/\/www.europesays.com\/se\/136941\/"},"modified":"2026-01-15T11:49:07","modified_gmt":"2026-01-15T11:49:07","slug":"konkurslagstiftningen-gjord-for-jattar-foretagarna","status":"publish","type":"post","link":"https:\/\/www.europesays.com\/se\/136941\/","title":{"rendered":"Konkurslagstiftningen \u2013gjord f\u00f6r j\u00e4ttar? &#8211; F\u00f6retagarna"},"content":{"rendered":"<p class=\"article-publishedDate\">&#13;<br \/>\n                            Publicerad 15 jan. 2026&#13;\n                        <\/p>\n<p class=\"article-preamble\">&#13;<br \/>\n                            Om en lag som syftar till att skapa r\u00e4ttvisa till\u00e4mpas s\u00e5 den skapar or\u00e4ttvisa och \u00e4r utformad f\u00f6r j\u00e4ttar, d\u00e5 m\u00e5ste den justeras, skriver F\u00f6retagarnas vd Magnus Demervall.&#13;\n                        <\/p>\n<p>Nu har ett \u00e5r passerat sedan konkursen i byggj\u00e4tten Serneke Sverige var ett faktum. \u00c5rsdagen markerade ocks\u00e5 den sista dagen f\u00f6r konkursf\u00f6rvaltaren att v\u00e4cka talan mot underleverant\u00f6rer som gjort jobb f\u00f6r Serneke. Det som p\u00e5 konkurslagstiftningsspr\u00e5k kallas f\u00f6r \u00e5tervinningskrav.<\/p>\n<p>Dessa regler finns till f\u00f6r att motverka obefogade transaktioner i ett bolags slutskede och f\u00f6r att \u00e5stadkomma en r\u00e4ttvis f\u00f6rdelning av pengarna i ett konkursbo. Men det vi ser nu \u00e4r n\u00e5got helt annat. Konkursf\u00f6rvaltaren verkar nyttja lagstiftningen till sin yttersta spets och \u00e5terkr\u00e4va pengar fr\u00e5n f\u00f6retagare som gjort avtalsenliga jobb flera \u00e5r innan Serneke var p\u00e5 obest\u00e5nd. V\u00e5r kartl\u00e4ggning visar att \u00f6ver 200 f\u00f6retag har f\u00e5tt \u00e5terkrav fr\u00e5n konkursf\u00f6rvaltaren CMS Wistrand.<\/p>\n<p>Sm\u00e5f\u00f6retag har inte stj\u00e4rnadvokater<\/p>\n<p>F\u00f6rfarandet s\u00e4ger ocks\u00e5 n\u00e5got om f\u00f6retagsklimatet i stort. N\u00e4mligen att v\u00e5r lagstiftning ofta \u00e4r konstruerad f\u00f6r j\u00e4ttar, inte vanliga sm\u00e5f\u00f6retagare. En VVS-firma med fem anst\u00e4llda, en ensam murare eller en smedja med tjugotalet p\u00e5 l\u00f6nelistan har ingen aff\u00e4rsjuridisk avdelning eller utrymme att avl\u00f6na stj\u00e4rnadvokater. De riskerar i st\u00e4llet plikta med sina livsverk och privata besparingar.<\/p>\n<p>De m\u00e5nga drabbade f\u00f6retagare jag har samtalat med ger en lika samst\u00e4mmig som dyster bild. De f\u00f6rv\u00e4ntas ha insikter om uppdragsgivares framtida ekonomi flera \u00e5r i f\u00f6rv\u00e4g och st\u00e5 med all risk sj\u00e4lv. Om man skulle f\u00f6rlora r\u00e4tteg\u00e5ngen tvingas man st\u00e5 f\u00f6r kostnaden f\u00f6r sj\u00e4lva jobbet och fakturan som skulle t\u00e4cka kostnaden. Om man vinner riskerar man \u00e4nd\u00e5 g\u00e5 lottl\u00f6s, f\u00f6r vad finns kvar i konkursboet efter det har l\u00e4nsats av konkursf\u00f6rvaltarens digra timtaxa och andra prioriterade fordrings\u00e4gare?<\/p>\n<p>Fr\u00e4mja de sm\u00e5 f\u00f6retagen\u00a0<\/p>\n<p>Sverige beh\u00f6ver lagar som skyddar de minsta f\u00f6retagen och skapar incitament f\u00f6r handel och utbyte av tj\u00e4nster. Det \u00e4r bra f\u00f6r hela samh\u00e4llet. Om konkursf\u00f6rvaltarens linje blir praxis \u00e4r risken stor att underleverant\u00f6rer inte kommer v\u00e5ga ta uppdrag. Det hade varit f\u00f6r\u00f6dande f\u00f6r varje svensk f\u00f6retagare men ocks\u00e5 svensk ekonomi i stort.<\/p>\n<p>D\u00e4rf\u00f6r \u00e4r fr\u00e5gan om efterdyningarna av Serneke Sveriges konkurs viktig f\u00f6r mig och viktig f\u00f6r F\u00f6retagarna.<\/p>\n","protected":false},"excerpt":{"rendered":"&#13; Publicerad 15 jan. 2026&#13; &#13; Om en lag som syftar till att skapa r\u00e4ttvisa till\u00e4mpas s\u00e5 den&hellip;\n","protected":false},"author":2,"featured_media":136942,"comment_status":"","ping_status":"","sticky":false,"template":"","format":"standard","meta":{"footnotes":""},"categories":[65],"tags":[72,70,71,34,31,33,32,30],"class_list":{"0":"post-136941","1":"post","2":"type-post","3":"status-publish","4":"format-standard","5":"has-post-thumbnail","7":"category-ekonomi","8":"tag-business","9":"tag-economy","10":"tag-ekonomi","11":"tag-se","12":"tag-svenska","13":"tag-sverige","14":"tag-sweden","15":"tag-swedish"},"share_on_mastodon":{"url":"https:\/\/pubeurope.com\/@se\/115898965268400011","error":""},"_links":{"self":[{"href":"https:\/\/www.europesays.com\/se\/wp-json\/wp\/v2\/posts\/136941","targetHints":{"allow":["GET"]}}],"collection":[{"href":"https:\/\/www.europesays.com\/se\/wp-json\/wp\/v2\/posts"}],"about":[{"href":"https:\/\/www.europesays.com\/se\/wp-json\/wp\/v2\/types\/post"}],"author":[{"embeddable":true,"href":"https:\/\/www.europesays.com\/se\/wp-json\/wp\/v2\/users\/2"}],"replies":[{"embeddable":true,"href":"https:\/\/www.europesays.com\/se\/wp-json\/wp\/v2\/comments?post=136941"}],"version-history":[{"count":0,"href":"https:\/\/www.europesays.com\/se\/wp-json\/wp\/v2\/posts\/136941\/revisions"}],"wp:featuredmedia":[{"embeddable":true,"href":"https:\/\/www.europesays.com\/se\/wp-json\/wp\/v2\/media\/136942"}],"wp:attachment":[{"href":"https:\/\/www.europesays.com\/se\/wp-json\/wp\/v2\/media?parent=136941"}],"wp:term":[{"taxonomy":"category","embeddable":true,"href":"https:\/\/www.europesays.com\/se\/wp-json\/wp\/v2\/categories?post=136941"},{"taxonomy":"post_tag","embeddable":true,"href":"https:\/\/www.europesays.com\/se\/wp-json\/wp\/v2\/tags?post=136941"}],"curies":[{"name":"wp","href":"https:\/\/api.w.org\/{rel}","templated":true}]}}