{"id":136943,"date":"2026-01-15T11:50:10","date_gmt":"2026-01-15T11:50:10","guid":{"rendered":"https:\/\/www.europesays.com\/se\/136943\/"},"modified":"2026-01-15T11:50:10","modified_gmt":"2026-01-15T11:50:10","slug":"pal-jonson-ifragasatter-trump-en-overdrift","status":"publish","type":"post","link":"https:\/\/www.europesays.com\/se\/136943\/","title":{"rendered":"P\u00e5l Jonson ifr\u00e5gas\u00e4tter Trump: \u201dEn \u00f6verdrift\u201d"},"content":{"rendered":"<p>Sveriges f\u00f6rsvarsminister P\u00e5l Jonson (M) s\u00e4ger till The Telegraph att Donald Trump \u00f6verdriver det ryska och kinesiska hotet mot Gr\u00f6nland. Enligt den brittiska tidningen blir Jonson d\u00e4rmed den f\u00f6rsta tunga r\u00f6sten inom Nato som uttryckligen ifr\u00e5gas\u00e4tter Trumps p\u00e5st\u00e5enden.<\/p>\n<p>I intervjun f\u00e5r han fr\u00e5gan om Trump \u00f6verdriver.<\/p>\n<p>\u2013 Om man p\u00e5st\u00e5r att Gr\u00f6nland \u00e4r \u00f6versv\u00e4mmat av ryska och kinesiska fartyg \u00e4r det en \u00f6verdrift enligt de bed\u00f6mningar vi g\u00f6r f\u00f6r regionen, svarar han.<\/p>\n<p>Enligt sp\u00e5rningssajter som Marine Traffic syns inga tecken p\u00e5 ryska eller kinesiska fartyg n\u00e4ra Gr\u00f6nland. Danska s\u00e4kerhetsexperter kallar Trumps p\u00e5st\u00e5ende f\u00f6r rena fantasier. \u00c4ven n\u00e4r AP publicerade en faktagranskning om uttalandet i tisdags d\u00f6mdes det ut av experter.<\/p>\n<p>\u2013 Det enda kinesiska jag ser \u00e4r n\u00e4r jag g\u00e5r till snabbmatsst\u00e4llet, s\u00e4ger den Gr\u00f6nlandsbaserade ingenj\u00f6ren Lars Vintner.<\/p>\n<p>Omni \u00e4r politiskt obundna och oberoende. Vi str\u00e4var efter att ge fler perspektiv p\u00e5 nyheterna. Har du fr\u00e5gor eller synpunkter kring v\u00e5r rapportering? <a href=\"https:\/\/omni.se\/jonson-ifragasatter-trump-det-ar-en-overdrift\/a\/mailto:redaktion@omni.se\" class=\"ArticleActions_contactLink__W2F1M\" rel=\"nofollow noopener\" target=\"_blank\">Kontakta redaktionen<\/a><\/p>\n","protected":false},"excerpt":{"rendered":"Sveriges f\u00f6rsvarsminister P\u00e5l Jonson (M) s\u00e4ger till The Telegraph att Donald Trump \u00f6verdriver det ryska och kinesiska hotet&hellip;\n","protected":false},"author":2,"featured_media":136944,"comment_status":"","ping_status":"","sticky":false,"template":"","format":"standard","meta":{"footnotes":""},"categories":[14],"tags":[22,23,385,26,27,3925,2161,13780,17,21,24,25,28,29,551,999,15,16,369,18,34,31,33,32,30,19,20,51,52,53,54],"class_list":{"0":"post-136943","1":"post","2":"type-post","3":"status-publish","4":"format-standard","5":"has-post-thumbnail","7":"category-varlden","8":"tag-breaking-news","9":"tag-breakingnews","10":"tag-donald-trump","11":"tag-featured-news","12":"tag-featurednews","13":"tag-forsvarspolitik","14":"tag-gronland","15":"tag-gronlandskrisen","16":"tag-headlines","17":"tag-huvudnyheter","18":"tag-latest-news","19":"tag-latestnews","20":"tag-main-news","21":"tag-mainnews","22":"tag-moderaterna","23":"tag-nato","24":"tag-news","25":"tag-nyheter","26":"tag-politik","27":"tag-rubriker","28":"tag-se","29":"tag-svenska","30":"tag-sverige","31":"tag-sweden","32":"tag-swedish","33":"tag-top-stories","34":"tag-topstories","35":"tag-varlden","36":"tag-world","37":"tag-world-news","38":"tag-worldnews"},"share_on_mastodon":{"url":"https:\/\/pubeurope.com\/@se\/115898969250230700","error":""},"_links":{"self":[{"href":"https:\/\/www.europesays.com\/se\/wp-json\/wp\/v2\/posts\/136943","targetHints":{"allow":["GET"]}}],"collection":[{"href":"https:\/\/www.europesays.com\/se\/wp-json\/wp\/v2\/posts"}],"about":[{"href":"https:\/\/www.europesays.com\/se\/wp-json\/wp\/v2\/types\/post"}],"author":[{"embeddable":true,"href":"https:\/\/www.europesays.com\/se\/wp-json\/wp\/v2\/users\/2"}],"replies":[{"embeddable":true,"href":"https:\/\/www.europesays.com\/se\/wp-json\/wp\/v2\/comments?post=136943"}],"version-history":[{"count":0,"href":"https:\/\/www.europesays.com\/se\/wp-json\/wp\/v2\/posts\/136943\/revisions"}],"wp:featuredmedia":[{"embeddable":true,"href":"https:\/\/www.europesays.com\/se\/wp-json\/wp\/v2\/media\/136944"}],"wp:attachment":[{"href":"https:\/\/www.europesays.com\/se\/wp-json\/wp\/v2\/media?parent=136943"}],"wp:term":[{"taxonomy":"category","embeddable":true,"href":"https:\/\/www.europesays.com\/se\/wp-json\/wp\/v2\/categories?post=136943"},{"taxonomy":"post_tag","embeddable":true,"href":"https:\/\/www.europesays.com\/se\/wp-json\/wp\/v2\/tags?post=136943"}],"curies":[{"name":"wp","href":"https:\/\/api.w.org\/{rel}","templated":true}]}}