{"id":136952,"date":"2026-01-15T11:57:13","date_gmt":"2026-01-15T11:57:13","guid":{"rendered":"https:\/\/www.europesays.com\/se\/136952\/"},"modified":"2026-01-15T11:57:13","modified_gmt":"2026-01-15T11:57:13","slug":"77-nar-vita-huset-attackerar-fed-varfor-forblir-marknaden-lugn","status":"publish","type":"post","link":"https:\/\/www.europesays.com\/se\/136952\/","title":{"rendered":"77. N\u00e4r Vita huset attackerar Fed \u2013 varf\u00f6r f\u00f6rblir marknaden lugn?"},"content":{"rendered":"<p><img alt=\"\" loading=\"lazy\" decoding=\"async\" data-nimg=\"fill\" class=\"object-cover rounded-sm\" style=\"position:absolute;height:100%;width:100%;left:0;top:0;right:0;bottom:0;color:transparent\"   src=\"https:\/\/www.europesays.com\/se\/wp-content\/uploads\/2026\/01\/DcCDCrUpTJTBUARMonUPH6l93JFSiNTzifhA9LOI.webp.webp\"\/><\/p>\n<p>Publicerad: 15 jan. 2026, 08:36Uppdaterad: 15 jan. 2026, 08:36<\/p>\n<p class=\"font-semibold text-xl\">N\u00e4r Donald Trumps administration g\u00e5r till juridisk attack mot Fed-chefen Jerome Powell borde det skaka om marknaden, men hittills har dollarn och b\u00f6rsen inte reagerat n\u00e4mnv\u00e4rt.<\/p>\n<p>I veckans V\u00e4rldsekonomin diskuterar Katrine Kielos och Claes M\u00e5hl\u00e9n hotet mot centralbankens oberoende, vad marknaden egentligen har prissatt \u2013 och om detta \u00e4r ett stresstest som USA:s institutioner klarar. Dessutom: Brexit-baksm\u00e4lla, Japan-val och tre personer som \u201dsabbat festen\u201d genom att vara f\u00f6r bra p\u00e5 sitt jobb.<\/p>\n<p>Medverkande<img alt=\"\" loading=\"lazy\" decoding=\"async\" data-nimg=\"fill\" class=\"rounded-full w-[50px] h-[50px] object-contain object-center bg-static-sand-600 border-4 border-static-sand-600 aspect-square\" style=\"position:absolute;height:100%;width:100%;left:0;top:0;right:0;bottom:0;color:transparent\"   src=\"https:\/\/www.europesays.com\/se\/wp-content\/uploads\/2026\/01\/wlTZBPbIuHkt1ToK7Gfaxa8gbrUB1775vC1ZAkdM.png\"\/><\/p>\n","protected":false},"excerpt":{"rendered":"Publicerad: 15 jan. 2026, 08:36Uppdaterad: 15 jan. 2026, 08:36 N\u00e4r Donald Trumps administration g\u00e5r till juridisk attack mot&hellip;\n","protected":false},"author":2,"featured_media":136953,"comment_status":"","ping_status":"","sticky":false,"template":"","format":"standard","meta":{"footnotes":""},"categories":[65],"tags":[72,70,71,34,31,33,32,30],"class_list":{"0":"post-136952","1":"post","2":"type-post","3":"status-publish","4":"format-standard","5":"has-post-thumbnail","7":"category-ekonomi","8":"tag-business","9":"tag-economy","10":"tag-ekonomi","11":"tag-se","12":"tag-svenska","13":"tag-sverige","14":"tag-sweden","15":"tag-swedish"},"share_on_mastodon":{"url":"https:\/\/pubeurope.com\/@se\/115898996776102755","error":""},"_links":{"self":[{"href":"https:\/\/www.europesays.com\/se\/wp-json\/wp\/v2\/posts\/136952","targetHints":{"allow":["GET"]}}],"collection":[{"href":"https:\/\/www.europesays.com\/se\/wp-json\/wp\/v2\/posts"}],"about":[{"href":"https:\/\/www.europesays.com\/se\/wp-json\/wp\/v2\/types\/post"}],"author":[{"embeddable":true,"href":"https:\/\/www.europesays.com\/se\/wp-json\/wp\/v2\/users\/2"}],"replies":[{"embeddable":true,"href":"https:\/\/www.europesays.com\/se\/wp-json\/wp\/v2\/comments?post=136952"}],"version-history":[{"count":0,"href":"https:\/\/www.europesays.com\/se\/wp-json\/wp\/v2\/posts\/136952\/revisions"}],"wp:featuredmedia":[{"embeddable":true,"href":"https:\/\/www.europesays.com\/se\/wp-json\/wp\/v2\/media\/136953"}],"wp:attachment":[{"href":"https:\/\/www.europesays.com\/se\/wp-json\/wp\/v2\/media?parent=136952"}],"wp:term":[{"taxonomy":"category","embeddable":true,"href":"https:\/\/www.europesays.com\/se\/wp-json\/wp\/v2\/categories?post=136952"},{"taxonomy":"post_tag","embeddable":true,"href":"https:\/\/www.europesays.com\/se\/wp-json\/wp\/v2\/tags?post=136952"}],"curies":[{"name":"wp","href":"https:\/\/api.w.org\/{rel}","templated":true}]}}