{"id":136954,"date":"2026-01-15T11:58:09","date_gmt":"2026-01-15T11:58:09","guid":{"rendered":"https:\/\/www.europesays.com\/se\/136954\/"},"modified":"2026-01-15T11:58:09","modified_gmt":"2026-01-15T11:58:09","slug":"tiden-rinner-i-vag-for-ukraina","status":"publish","type":"post","link":"https:\/\/www.europesays.com\/se\/136954\/","title":{"rendered":"Tiden rinner i v\u00e4g f\u00f6r Ukraina"},"content":{"rendered":"<p>share-arrowDela<\/p>\n<p>unsaveSpara<\/p>\n<p>expand-left<\/p>\n<p>helsk\u00e4rm<img decoding=\"async\" class=\"image-asset hyperion-css-u06ts1\" data-test-tag=\"image-asset\" src=\"https:\/\/www.europesays.com\/se\/wp-content\/uploads\/2026\/01\/99bb6da3-70b9-467a-b26c-64f2a137ff67.jpeg\"  alt=\"Den ryska regimens talesperson Dmitrij Peskov p\u00e5 en bild tagen i november 2025.\"  loading=\"eager\" fetchpriority=\"high\" style=\"aspect-ratio:1900 \/ 1267\"\/>Den ryska regimens talesperson Dmitrij Peskov p\u00e5 en bild tagen i november 2025. Foto: Alexander Kazakov\/Sputnik\/Kreml Via AP\/TT<\/p>\n<p class=\"hyperion-css-1shl3oz\" data-test-tag=\"lead-text\">Ukraina b\u00f6rjar f\u00e5 ont om tid n\u00e4r det g\u00e4ller att acceptera Rysslands villkor f\u00f6r fred, varnar Kreml.<\/p>\n<p class=\"hyperion-css-1v9qo5x\">\u2013 Situationen f\u00f6rs\u00e4mras dag f\u00f6r dag f\u00f6r Kievregimen, s\u00e4ger det ryska makth\u00f6gkvarterets talesperson Dmitrij Peskov enligt AFP.<\/p>\n<p class=\"hyperion-css-1v9qo5x\">Ukrainas \u201dutrymme f\u00f6r beslutsfattande\u201d minskar, h\u00e4vdar han.<\/p>\n<p class=\"hyperion-css-1v9qo5x\">Rysslands mycket l\u00e5ngtg\u00e5ende krav f\u00f6r att ing\u00e5 ett fredsavtal har upprepat avvisats av Ukraina \u2013 framf\u00f6r allt kravet p\u00e5 att Ukraina ger upp territorier, fr\u00e4mst Donbass i \u00f6st.<\/p>\n<p class=\"hyperion-css-1v9qo5x\">Peskov uppger att dialogen med USA fortg\u00e5r, rapporterar nyhetsbyr\u00e5n Ansa. Ett m\u00f6te med USA-s\u00e4ndebuden Steve Witkoff och Jared Kushner i Ryssland kommer att \u00e4ga rum s\u00e5 snart ett datum har satts, sannolikt under kommande veckor, uppger talespersonen.<\/p>\n<p class=\"hyperion-css-1v9qo5x\">\u2013 Vi anser det n\u00f6dv\u00e4ndigt, relevant och viktigt att forts\u00e4tta dialogen, s\u00e4ger han.<\/p>\n","protected":false},"excerpt":{"rendered":"share-arrowDela unsaveSpara expand-left helsk\u00e4rmDen ryska regimens talesperson Dmitrij Peskov p\u00e5 en bild tagen i november 2025. Foto: Alexander&hellip;\n","protected":false},"author":2,"featured_media":136955,"comment_status":"","ping_status":"","sticky":false,"template":"","format":"standard","meta":{"footnotes":""},"categories":[14],"tags":[22,23,26,27,17,21,24,25,28,29,15,16,18,34,31,33,32,30,19,20,51,52,53,54],"class_list":{"0":"post-136954","1":"post","2":"type-post","3":"status-publish","4":"format-standard","5":"has-post-thumbnail","7":"category-varlden","8":"tag-breaking-news","9":"tag-breakingnews","10":"tag-featured-news","11":"tag-featurednews","12":"tag-headlines","13":"tag-huvudnyheter","14":"tag-latest-news","15":"tag-latestnews","16":"tag-main-news","17":"tag-mainnews","18":"tag-news","19":"tag-nyheter","20":"tag-rubriker","21":"tag-se","22":"tag-svenska","23":"tag-sverige","24":"tag-sweden","25":"tag-swedish","26":"tag-top-stories","27":"tag-topstories","28":"tag-varlden","29":"tag-world","30":"tag-world-news","31":"tag-worldnews"},"share_on_mastodon":{"url":"https:\/\/pubeurope.com\/@se\/115899000625464920","error":""},"_links":{"self":[{"href":"https:\/\/www.europesays.com\/se\/wp-json\/wp\/v2\/posts\/136954","targetHints":{"allow":["GET"]}}],"collection":[{"href":"https:\/\/www.europesays.com\/se\/wp-json\/wp\/v2\/posts"}],"about":[{"href":"https:\/\/www.europesays.com\/se\/wp-json\/wp\/v2\/types\/post"}],"author":[{"embeddable":true,"href":"https:\/\/www.europesays.com\/se\/wp-json\/wp\/v2\/users\/2"}],"replies":[{"embeddable":true,"href":"https:\/\/www.europesays.com\/se\/wp-json\/wp\/v2\/comments?post=136954"}],"version-history":[{"count":0,"href":"https:\/\/www.europesays.com\/se\/wp-json\/wp\/v2\/posts\/136954\/revisions"}],"wp:featuredmedia":[{"embeddable":true,"href":"https:\/\/www.europesays.com\/se\/wp-json\/wp\/v2\/media\/136955"}],"wp:attachment":[{"href":"https:\/\/www.europesays.com\/se\/wp-json\/wp\/v2\/media?parent=136954"}],"wp:term":[{"taxonomy":"category","embeddable":true,"href":"https:\/\/www.europesays.com\/se\/wp-json\/wp\/v2\/categories?post=136954"},{"taxonomy":"post_tag","embeddable":true,"href":"https:\/\/www.europesays.com\/se\/wp-json\/wp\/v2\/tags?post=136954"}],"curies":[{"name":"wp","href":"https:\/\/api.w.org\/{rel}","templated":true}]}}