{"id":136956,"date":"2026-01-15T11:59:07","date_gmt":"2026-01-15T11:59:07","guid":{"rendered":"https:\/\/www.europesays.com\/se\/136956\/"},"modified":"2026-01-15T11:59:07","modified_gmt":"2026-01-15T11:59:07","slug":"explosiva-varor-forbattrade-mojligheter-till-kontroll","status":"publish","type":"post","link":"https:\/\/www.europesays.com\/se\/136956\/","title":{"rendered":"Explosiva varor \u2013 f\u00f6rb\u00e4ttrade m\u00f6jligheter till kontroll"},"content":{"rendered":"<p class=\"ingress has-wordExplanation\">De senaste \u00e5ren har antalet spr\u00e4ngd\u00e5d i samh\u00e4llet \u00f6kat kraftigt. Personer i kriminella milj\u00f6er anv\u00e4nder allt oftare spr\u00e4ngmedel p\u00e5 offentliga platser, p\u00e5 andra platser d\u00e4r allm\u00e4nheten vistas och direkt mot enskilda personers bost\u00e4der som en del av kriminella uppg\u00f6relser. Spr\u00e4ngd\u00e5den utf\u00f6rs ofta av personer inom den organiserade brottsligheten och inte s\u00e4llan anv\u00e4nds legala spr\u00e4ngmedel som kommit i or\u00e4tta h\u00e4nder. Det \u00e4r av st\u00f6rsta vikt att motverka denna utveckling och f\u00f6rhindra att kriminella har tillg\u00e5ng till explosiva varor.<\/p>\n","protected":false},"excerpt":{"rendered":"De senaste \u00e5ren har antalet spr\u00e4ngd\u00e5d i samh\u00e4llet \u00f6kat kraftigt. Personer i kriminella milj\u00f6er anv\u00e4nder allt oftare spr\u00e4ngmedel&hellip;\n","protected":false},"author":2,"featured_media":134209,"comment_status":"","ping_status":"","sticky":false,"template":"","format":"standard","meta":{"footnotes":""},"categories":[12],"tags":[22,23,26,27,17,21,24,25,28,29,15,16,18,34,31,33,32,30,19,20],"class_list":{"0":"post-136956","1":"post","2":"type-post","3":"status-publish","4":"format-standard","5":"has-post-thumbnail","7":"category-sverige","8":"tag-breaking-news","9":"tag-breakingnews","10":"tag-featured-news","11":"tag-featurednews","12":"tag-headlines","13":"tag-huvudnyheter","14":"tag-latest-news","15":"tag-latestnews","16":"tag-main-news","17":"tag-mainnews","18":"tag-news","19":"tag-nyheter","20":"tag-rubriker","21":"tag-se","22":"tag-svenska","23":"tag-sverige","24":"tag-sweden","25":"tag-swedish","26":"tag-top-stories","27":"tag-topstories"},"share_on_mastodon":{"url":"https:\/\/pubeurope.com\/@se\/115899004809281597","error":""},"_links":{"self":[{"href":"https:\/\/www.europesays.com\/se\/wp-json\/wp\/v2\/posts\/136956","targetHints":{"allow":["GET"]}}],"collection":[{"href":"https:\/\/www.europesays.com\/se\/wp-json\/wp\/v2\/posts"}],"about":[{"href":"https:\/\/www.europesays.com\/se\/wp-json\/wp\/v2\/types\/post"}],"author":[{"embeddable":true,"href":"https:\/\/www.europesays.com\/se\/wp-json\/wp\/v2\/users\/2"}],"replies":[{"embeddable":true,"href":"https:\/\/www.europesays.com\/se\/wp-json\/wp\/v2\/comments?post=136956"}],"version-history":[{"count":0,"href":"https:\/\/www.europesays.com\/se\/wp-json\/wp\/v2\/posts\/136956\/revisions"}],"wp:featuredmedia":[{"embeddable":true,"href":"https:\/\/www.europesays.com\/se\/wp-json\/wp\/v2\/media\/134209"}],"wp:attachment":[{"href":"https:\/\/www.europesays.com\/se\/wp-json\/wp\/v2\/media?parent=136956"}],"wp:term":[{"taxonomy":"category","embeddable":true,"href":"https:\/\/www.europesays.com\/se\/wp-json\/wp\/v2\/categories?post=136956"},{"taxonomy":"post_tag","embeddable":true,"href":"https:\/\/www.europesays.com\/se\/wp-json\/wp\/v2\/tags?post=136956"}],"curies":[{"name":"wp","href":"https:\/\/api.w.org\/{rel}","templated":true}]}}