{"id":136957,"date":"2026-01-15T12:00:13","date_gmt":"2026-01-15T12:00:13","guid":{"rendered":"https:\/\/www.europesays.com\/se\/136957\/"},"modified":"2026-01-15T12:00:13","modified_gmt":"2026-01-15T12:00:13","slug":"carl-bildt-i-ratten-vittnar-om-lundin","status":"publish","type":"post","link":"https:\/\/www.europesays.com\/se\/136957\/","title":{"rendered":"Carl Bildt i r\u00e4tten \u2013 vittnar om Lundin"},"content":{"rendered":"<p><a data-test-tag=\"internal-link\" href=\"https:\/\/www.aftonbladet.se\/av\/lisa-rostlund\" class=\"hyperion-css-13ns1rr\" rel=\"nofollow noopener\" target=\"\" aria-label=\"Se alla artiklar av Lisa R\u00f6stlund\"><img decoding=\"async\" class=\"image-asset hyperion-css-n6kkq1\" data-test-tag=\"image-asset\" src=\"https:\/\/www.europesays.com\/se\/wp-content\/uploads\/2026\/01\/68c6143e-9a14-480e-95fa-b7e05c9cb5b3.png\"  alt=\"\"  loading=\"lazy\" fetchpriority=\"auto\" style=\"aspect-ratio:1900 \/ 1900\"\/><\/a><\/p>\n<p class=\"boxtextgrotesk-root_baa6 hyperion-css-7pajle\">Uppdaterad 11.35 | Publicerad 09.22<\/p>\n<p>share-arrowDela<\/p>\n<p>unsaveSpara<\/p>\n<p>expand-left<\/p>\n<p>helsk\u00e4rm<img decoding=\"async\" class=\"image-asset hyperion-css-u06ts1\" data-test-tag=\"image-asset\" src=\"https:\/\/www.europesays.com\/se\/wp-content\/uploads\/2026\/01\/3b0ac72e-e5ca-4cf8-853b-2ec08ad2f5f8.jpeg\"  alt=\"Carl Bildt anl\u00e4nder till r\u00e4ttssalen.\"  loading=\"eager\" fetchpriority=\"high\" style=\"aspect-ratio:1900 \/ 1431\"\/>Carl Bildt anl\u00e4nder till r\u00e4ttssalen. Foto: Magnus Wennman<\/p>\n<p class=\"hyperion-css-1shl3oz\" data-test-tag=\"lead-text\">M\u00e5let har p\u00e5g\u00e5tt i tv\u00e5 \u00e5r \u2013 och v\u00e4ckt uppm\u00e4rksamhet \u00f6ver hela v\u00e4rlden.<\/p>\n<p class=\"hyperion-css-1shl3oz\" data-test-tag=\"lead-text\">Hj\u00e4lpte oljebolaget Lundin till med folkr\u00e4ttsbrott?<\/p>\n<p class=\"hyperion-css-1shl3oz\" data-test-tag=\"lead-text\">Nu tar den mest k\u00e4nda styrelsemedlemmen plats i vittnesb\u00e5set.<\/p>\n<p class=\"hyperion-css-1v9qo5x\">Vid 9.30 under torsdagsmorgonen anl\u00e4nde <a data-test-tag=\"internal-link\" href=\"https:\/\/www.aftonbladet.se\/tagg\/carl-bildt\" class=\"hyperion-css-15jkft9\" rel=\"nofollow noopener\" target=\"\" aria-label=\"Carl Bildt\">Carl Bildt<\/a> till r\u00e4ttssalen.<\/p>\n<p class=\"hyperion-css-1v9qo5x\">Det \u00e4r fullt, och flera fr\u00e5n nationell och internationell media har f\u00e5tt ta plats i en s\u00e4kerhetssal i en annan del av r\u00e4tten f\u00f6r att lyssna p\u00e5 distans.<\/p>\n<p class=\"hyperion-css-1v9qo5x\">\u2013 Du ska h\u00f6ras om din k\u00e4nnedom om den sudanesiska regeringens krigf\u00f6ring, s\u00e4ger huvuddomaren och forts\u00e4tter:<\/p>\n<p class=\"hyperion-css-1v9qo5x\">\u2013 Ocks\u00e5 om dina kontakter med regeringen och oppositionen inom ramen f\u00f6r ditt styrelseuppdrag.<\/p>\n<p class=\"hyperion-css-1v9qo5x\">\u2013 Jag lovar och f\u00f6rs\u00e4krar att jag ska s\u00e4ga sanningen, s\u00e4ger Carl Bildt n\u00e4r han avl\u00e4gger eden.<\/p>\n<p>Minns inte vem som fr\u00e5gade<\/p>\n<p class=\"hyperion-css-1v9qo5x\">\u00c5klagare Ewa Korpis f\u00f6rsta fr\u00e5ga \u00e4r varf\u00f6r han fick uppdraget som styrelseledamot. Han vet inte varf\u00f6r, svarar Bildt.<\/p>\n<p class=\"hyperion-css-1v9qo5x\">\u2013\u00a0Jag tackade ja f\u00f6r att jag tyckte det var ett intressant bolag med uppdrag i olika delar av v\u00e4rlden.<\/p>\n<p class=\"hyperion-css-1v9qo5x\">Han har gl\u00f6mt vem som kom med fr\u00e5gan.<\/p>\n<p class=\"hyperion-css-1v9qo5x\">\u2013\u00a0Men jag antar att det var Adolf Lundin.<\/p>\n<p class=\"hyperion-css-1v9qo5x\">Det var f\u00f6r att bidra med en bred politisk kompetens. <\/p>\n<p class=\"hyperion-css-1v9qo5x\">\u2013\u00a0Energifr\u00e5gor \u00e4r ofta politiska. Dessv\u00e4rre \u00e4r det s\u00e5 att v\u00e5r herre har placerat tillg\u00e5ngar i stundtals komplicerade omr\u00e5den, s\u00e4ger Bildt.<\/p>\n<p>expand-left<\/p>\n<p>helsk\u00e4rm<img decoding=\"async\" class=\"image-asset hyperion-css-u06ts1\" data-test-tag=\"image-asset\" src=\"https:\/\/www.europesays.com\/se\/wp-content\/uploads\/2026\/01\/c6fc23eb-9e3a-4a5f-b555-13c6683375bd.jpeg\"  alt=\"Ruth Nyaleel Kai Thoat anl\u00e4nder till r\u00e4tten.\"  loading=\"eager\" fetchpriority=\"high\" style=\"aspect-ratio:1900 \/ 1267\"\/>Ruth Nyaleel Kai Thoat anl\u00e4nder till r\u00e4tten. Foto: Magnus Wennman<\/p>\n<p class=\"hyperion-css-1v9qo5x\">Bildt p\u00e5minner om att h\u00e4ndelserna \u00e4gde rum f\u00f6r ett kvarts \u00e5rhundrade sedan, s\u00e5 han har ibland sv\u00e5rt att placera saker r\u00e4tt p\u00e5 tidslinjen.<\/p>\n<p class=\"hyperion-css-1v9qo5x\">Vad hade du f\u00f6r uppfattning om l\u00e4get i block 5A n\u00e4r du blev styrelseledamot? undrar \u00e5klagaren.<\/p>\n<p class=\"hyperion-css-1v9qo5x\">\u2013\u00a0Jag skulle utg\u00e5 fr\u00e5n att min bild av detaljerna var mycket begr\u00e4nsad. Det var m\u00e5nga l\u00e4nder och m\u00e5nga projekt, detta var ett av dem. Jag hade aldrig varit i Sudan.<\/p>\n<p class=\"hyperion-css-1v9qo5x\">Tar du sj\u00e4lv reda p\u00e5 vad som h\u00e4nder, n\u00e4r rapporter kom om attacker mot befolkningen under \u00e5r 2000?<\/p>\n<p class=\"hyperion-css-1v9qo5x\">\u2013\u00a0Nej.<\/p>\n<p>\u201dEnorma summor pengar\u201d<\/p>\n<p class=\"hyperion-css-1v9qo5x\">Bildt ber\u00e4ttar att han fl\u00f6g \u00f6ver omr\u00e5det, n\u00e4r kommer han inte ih\u00e5g, men att flyget inte kunde landa p\u00e5 grund av \u00f6versv\u00e4mningar.<\/p>\n<p class=\"hyperion-css-1v9qo5x\">Han uttrycker att samarbetet mellan styrelsen och ledningsgruppen fungerade v\u00e4l.<\/p>\n<p class=\"hyperion-css-1v9qo5x\">\u2013\u00a0Att borra efter olja \u00e4r en \u00e4ventyrlig verksamhet som kostar enorma summor pengar. Det var mycket s\u00e5dana sv\u00e5ra beslut av f\u00f6rklarliga sk\u00e4l.<\/p>\n<p>expand-left<\/p>\n<p>helsk\u00e4rm<img decoding=\"async\" class=\"image-asset hyperion-css-u06ts1\" data-test-tag=\"image-asset\" src=\"https:\/\/www.europesays.com\/se\/wp-content\/uploads\/2026\/01\/42db8474-2bb9-4014-ae4f-6d2f9283ba14.jpeg\"  alt=\"Advokaten Thomas Bodstr\u00f6m \u00e4r p\u00e5 plats. \u201dDet \u00e4r en speciell dag n\u00e4r en tidigare statsminister vittnar i r\u00e4tten\u201d, s\u00e4ger han.\"  loading=\"eager\" fetchpriority=\"high\" style=\"aspect-ratio:1900 \/ 1267\"\/>Advokaten Thomas Bodstr\u00f6m \u00e4r p\u00e5 plats. \u201dDet \u00e4r en speciell dag n\u00e4r en tidigare statsminister vittnar i r\u00e4tten\u201d, s\u00e4ger han. Foto: Magnus Wennman<\/p>\n<p class=\"hyperion-css-1v9qo5x\">\u00c5klagaren vill veta om Bildts kunskap och k\u00e4nnedom om vad som h\u00e4nde i oljeomr\u00e5det. K\u00e4nde han till fredsavtalet som hade slutits och f\u00f6rh\u00e5llandet till oljan?<\/p>\n<p class=\"hyperion-css-1v9qo5x\">\u2013\u00a0Det var en viktig del av den samlade dynamiken i en mycket komplicerad konflikt. Det var ett krig som p\u00e5gick innan sj\u00e4lvst\u00e4ndigheten utropades 1955 och med olika grupperingar, olika regimer. KPA (fredsavtalet) var en del av detta och ett utfl\u00f6de av mots\u00e4ttningarna.<\/p>\n<p class=\"hyperion-css-1v9qo5x\"><strong>Kan du dra dig till minnes om parternas inst\u00e4llning till arm\u00e9gruppers n\u00e4rvaro i block 5A?<\/strong><\/p>\n<p class=\"hyperion-css-1v9qo5x\">\u2013\u00a0Ingen n\u00e4rmare kunskap om detta. Det fanns ingen anledning \u2013 det var ingen fr\u00e5gest\u00e4llning. Block 5A \u00e4r v\u00e4ldigt stort.<\/p>\n<p class=\"hyperion-css-1v9qo5x\">I maj 1999 skedde en attack mot en av Lundins oljeriggar. \u00c5klagaren undrar om Bildt fick information om det.<\/p>\n<p class=\"hyperion-css-1v9qo5x\">\u2013\u00a0I grunden nej. Jag kan inte erinra mig om det. <\/p>\n<p class=\"hyperion-css-1v9qo5x\">\u2013\u00a0Jag hade viss erfarenhet av konfliktomr\u00e5den och s\u00e4kerhetsbed\u00f6mningar f\u00f6r olika s\u00e4kerhetsorgan men det var osedvanligt lite av den arten.<\/p>\n<p>\u201dKamp om betesmarker\u201d<\/p>\n<p class=\"hyperion-css-1v9qo5x\">Det \u00e4r f\u00f6rst i samband med ett v\u00e4gbygge \u00e5r 2000 som han f\u00e5r reda p\u00e5 s\u00e4kerhetsproblem, uppger han.<\/p>\n<p class=\"hyperion-css-1v9qo5x\">P\u00e5klagaren visar en incidentrapportering och Bildt p\u00e5pekar att det var ett infl\u00f6de av flyktingar fr\u00e5n stridigheter till de omr\u00e5den som oljebolaget var verksamt \u2013 inte tv\u00e4rtom.<\/p>\n<p class=\"hyperion-css-1v9qo5x\">\u00c5klagaren fr\u00e5gar om en bombning av ett Antonov-plan i februari-mars 2000, och en attack mot en oljerigg \u2013 om han k\u00e4nde till detta. Nej, det gjorde han inte, svarar han. K\u00e4nde han till relationen mellan parterna i konflikten?<br \/>\u2013\u00a0Det fanns strider mellan milisgrupper, och det var skiftande lojaliteter. Det var kamp om betesmarker och annat.<\/p>\n<p class=\"hyperion-css-1v9qo5x\">Att arm\u00e9n startade br\u00e4nder f\u00f6r att br\u00e4nna ut rebellerna i blocket, som bolagets egen incidentrapport uppger? Nej, det k\u00e4nde han inte heller till, uppger han.<\/p>\n<p class=\"hyperion-css-1v9qo5x\">En intern bolagsrapport tar upp ett brev fr\u00e5n <a data-test-tag=\"internal-link\" href=\"https:\/\/www.aftonbladet.se\/tagg\/ian-lundin\" class=\"hyperion-css-15jkft9\" rel=\"nofollow noopener\" target=\"\" aria-label=\"Ian Lundin\">Ian Lundin<\/a> till Sudans regering om att en v\u00e4g m\u00e5ste vara klar i december 2000 och att det var positivt att arm\u00e9n skulle vara kvar i block 5A under regnperioden.<\/p>\n<p class=\"hyperion-css-1v9qo5x\">Var det en fr\u00e5ga om det var l\u00e4mpligt att ha verksamhet d\u00e4r d\u00e5? Det \u00e4r ingen ovanlig fr\u00e5ga generellt f\u00f6r ett oljebolag, understryker han.<\/p>\n<p class=\"hyperion-css-1v9qo5x\">\u2013\u00a0Om det var lite fram och tillbaka lokalt, var ingen styrelsefr\u00e5ga.<\/p>\n<p class=\"hyperion-css-1v9qo5x\">I december 2000 deltog Bildt i ett styrelsem\u00f6te d\u00e4r man tog upp att verksamheten pausats. Diskuterade man anledningen till det?<\/p>\n<p class=\"hyperion-css-1v9qo5x\">\u2013\u00a0Om man suspenderar en operation kostar det pengar och det \u00e4r v\u00e4l vad som diskuteras h\u00e4r.<\/p>\n<p>expand-left<\/p>\n<p>helsk\u00e4rm<img decoding=\"async\" class=\"image-asset hyperion-css-u06ts1\" data-test-tag=\"image-asset\" src=\"https:\/\/www.europesays.com\/se\/wp-content\/uploads\/2026\/01\/3eaa6009-9184-4b2c-afbe-e1911a3a1fa7.jpeg\"  alt=\"Ian Lundin i r\u00e4tten i september.\"  loading=\"eager\" fetchpriority=\"high\" style=\"aspect-ratio:1900 \/ 2549\"\/>Ian Lundin i r\u00e4tten i september. Foto: Jonas Ekstr\u00f6mer\/TTP\u00e5g\u00e5tt sedan i september<\/p>\n<p class=\"hyperion-css-1v9qo5x\">Ett tjugotal m\u00e5ls\u00e4ganden, tidigare anst\u00e4llda, experter, vittnen och de \u00e5talade Ian Lundin och Alex Schneiter har h\u00f6rts under l\u00e5nga dagar i sal 34 i Stockholms tingsr\u00e4tt. R\u00e4tteg\u00e5ngen har p\u00e5g\u00e5tt \u00e4nda sedan september 2023 och omskrivits i media \u00f6ver hela v\u00e4rlden. <\/p>\n<p class=\"hyperion-css-1v9qo5x\">Det handlar om vad som h\u00e4nde n\u00e4r det svenska oljebolaget Lundin Oil sl\u00f6t avtal med den v\u00e5ldsamma regimen i det krigsh\u00e4rjade Sudan 1997, om att leta olja. <\/p>\n<p class=\"hyperion-css-1v9qo5x\">Enligt \u00e5klagaren hj\u00e4lpte de \u00e5talade tidigare cheferna regimen att beg\u00e5 folkr\u00e4ttsbrott, n\u00e4r bolaget anlitade milit\u00e4ren f\u00f6r att s\u00e4kra oljef\u00e4lten. Topparna borde enligt \u00e5talet ha k\u00e4nt till att inv\u00e5narna d\u00f6dades och tvingades p\u00e5 flykt.<\/p>\n<p>Bildt f\u00f6rh\u00f6rdes av S\u00e4po<\/p>\n<p class=\"hyperion-css-1v9qo5x\">Nu \u00e4r det Carl Bildt som ska vittna om vad han k\u00e4nde till. Hela torsdagen \u00e4r vikt \u00e5t hans vittnesm\u00e5l i r\u00e4tten.<\/p>\n<p class=\"hyperion-css-1v9qo5x\">Carl Bildt f\u00f6rh\u00f6rdes av S\u00e4po 2015, och f\u00f6rnekade d\u00e5 att han ska ha k\u00e4nt till n\u00e5got om attacker mot befolkningen p\u00e5 Lundins oljeomr\u00e5de.<\/p>\n<p class=\"hyperion-css-1v9qo5x\">P\u00e5 plats finns flera m\u00e5ls\u00e4ganden som tagit sig till r\u00e4tten f\u00f6r att h\u00f6ra just Bildt, som den senaste tiden, i samband med uttalanden om Gaza och Venezuela, ofta lyfts som en f\u00f6rk\u00e4mpe f\u00f6r folkr\u00e4tten. I en <a data-test-tag=\"internal-link\" href=\"https:\/\/www.aftonbladet.se\/nyheter\/a\/wreK44\/orden-till-carl-bildt-infor-lundin-oil-rattegangen\" class=\"hyperion-css-15jkft9\" rel=\"nofollow noopener\" target=\"\" aria-label=\"intervju med Aftonbladet \">intervju med Aftonbladet <\/a>s\u00e4ger en av dem, Ruth Nyaleel Kai Thoat, att hon ser Bildts upph\u00f6jda status kring internationell r\u00e4tt som ironisk.<\/p>\n<p class=\"hyperion-css-1v9qo5x\">Texten uppdateras.<\/p>\n<p>FAKTACarl Bildt, Lundin och misst\u00e4nka folkr\u00e4ttsbrotten i Sudan<\/p>\n<p class=\"hyperion-css-jonaf8\">Carl Bildt var statsminister (1991\u20131994) f\u00f6r Moderaterna, och satt i styrelsen f\u00f6r det svenska oljebolaget Lundin Oil (som senare bytte namn till Lundin Petroleum, Lundin Energy och nu Orr\u00f6n Energy). <\/p>\n<p class=\"hyperion-css-jonaf8\">Bildt satt i styrelsen mellan 2000 och 2006, d\u00e5 han l\u00e4mnade alla styrelseuppdrag n\u00e4r han blev utrikesminister.<\/p>\n<p class=\"hyperion-css-jonaf8\">Lundin Oil sl\u00f6t 1997 ett avtal om att leta olja i d\u00e5varande Sudan, nu Sydsudan, i ett omr\u00e5de som kallades block 5A.<\/p>\n<p class=\"hyperion-css-jonaf8\">Tidigare hade inv\u00e5narna i block 5A varit relativt f\u00f6rskonade fr\u00e5n det p\u00e5g\u00e5ende inb\u00f6rdeskriget i landet. Men med oljan eskalerade konflikterna just d\u00e4r, enligt rapporter fr\u00e5n en l\u00e5ng rad organisationer som beskriver i stort sett samma sak: hur regeringslojal milit\u00e4r rensade omr\u00e5den n\u00e4ra oljeverksamheten p\u00e5 m\u00e4nniskor.<\/p>\n<p class=\"hyperion-css-jonaf8\">En rapport fr\u00e5n organisationen Ecos talar om tiotusentals d\u00f6dade och \u00f6ver 100.000 m\u00e4nniskor tvingats fly. Tidigare milit\u00e4rer vittnar om att deras uppgift var att just att s\u00e4kra oljef\u00e4lten. S\u00e4kerhet ingick i Lundinbolagets uppg\u00f6relse med regimen.<\/p>\n<p class=\"hyperion-css-jonaf8\">2010 startade \u00e5klagare f\u00f6runders\u00f6kning mot Lundin Oil, om vad som h\u00e4nde d\u00e5 bolaget verkade i Sudan 1997-2003.<\/p>\n<p class=\"hyperion-css-jonaf8\">2015 f\u00f6rh\u00f6rdes Carl Bildt av S\u00e4kerhetspolisen om fallet.<\/p>\n<p class=\"hyperion-css-jonaf8\">2021 v\u00e4cktes \u00e5tal mot Ian Lundin och Alex Schneiter, som b\u00e5da varit h\u00f6ga chefer i koncernen, f\u00f6r medhj\u00e4lp till grovt folkr\u00e4ttsbrott.<\/p>\n<p class=\"hyperion-css-jonaf8\">Enligt \u00e5klagaren har bolaget tj\u00e4nat 2,4 miljarder kronor p\u00e5 aff\u00e4rerna i Sudan, som ska betalas som en f\u00f6retagsbot vid f\u00e4llande dom.<\/p>\n<p class=\"hyperion-css-jonaf8\">De b\u00e5da \u00e5talade f\u00f6rnekar brott och bolaget bestrider grunden f\u00f6r boten.<\/p>\n<p class=\"hyperion-css-jonaf8\">Lundin\/Orr\u00f6n Energy har nu s\u00e5lt all oljeverksamhet till norska Aker BP som f\u00e5tt kritik f\u00f6r att man inte tagit h\u00e4nsyn till misst\u00e4nkta folkr\u00e4ttsbrott d\u00e5 man k\u00f6pte verksamheten. Familjen Lundin har parallellt g\u00e5tt in som del\u00e4gare i Aker BP.<\/p>\n<p class=\"hyperion-css-jonaf8\">K\u00e4llor: <a aria-label=\"\u00c5klagarmyndigheten\" class=\"default hyperion-css-15jkft9\" href=\"https:\/\/www.aklagare.se\/for-media\/pressmeddelanden\/2023\/augusti\/huvudforhandling-inleds-i-mal-om-medhjalp-till-folkrattsbrott-grovt-brott-i-sudan\/\" rel=\"noopener noreferrer nofollow\" data-test-tag=\"external-link\" target=\"_blank\">\u00c5klagarmyndigheten<\/a>, European Coalition on Oil in Sudan, <a aria-label=\"ECOS\" class=\"default hyperion-css-15jkft9\" href=\"https:\/\/paxforpeace.nl\/wp-content\/uploads\/sites\/2\/import\/import\/unpaid-debt.pdf\" rel=\"noopener nofollow noreferrer\" data-test-tag=\"external-link\" target=\"_blank\">ECOS<\/a>, <a aria-label=\"Orr\u00f6n Energy\" class=\"default hyperion-css-15jkft9\" href=\"https:\/\/www.lundinsudanlegalcase.com\/wp-content\/uploads\/2024\/03\/orron-energy-forfeiture-significant-increase-v1-29082023sv.pdf\" rel=\"noopener nofollow noreferrer\" data-test-tag=\"external-link\" target=\"_blank\">Orr\u00f6n Energy<\/a>. <a aria-label=\"Swedwatch\" class=\"default hyperion-css-15jkft9\" href=\"https:\/\/www.mynewsdesk.com\/se\/swedwatch\/pressreleases\/nkp-ger-swedwatch-raett-i-anmaelan-gaellande-akers-koep-av-lundin-energys-tillgaangar-3392847\" rel=\"noopener nofollow noreferrer\" data-test-tag=\"external-link\" target=\"_blank\">Swedwatch<\/a>. <a aria-label=\"Human Rights Watch.\" class=\"default hyperion-css-15jkft9\" href=\"https:\/\/www.hrw.org\/report\/2003\/11\/24\/sudan-oil-and-human-rights\" rel=\"noopener nofollow noreferrer\" data-test-tag=\"external-link\" target=\"_blank\">Human Rights Watch.<\/a><\/p>\n<p>L\u00e4s mer<\/p>\n","protected":false},"excerpt":{"rendered":"Uppdaterad 11.35 | Publicerad 09.22 share-arrowDela unsaveSpara expand-left helsk\u00e4rmCarl Bildt anl\u00e4nder till r\u00e4ttssalen. Foto: Magnus Wennman M\u00e5let har&hellip;\n","protected":false},"author":2,"featured_media":136958,"comment_status":"","ping_status":"","sticky":false,"template":"","format":"standard","meta":{"footnotes":""},"categories":[5],"tags":[22,23,26,27,17,21,24,25,28,29,15,16,18,34,31,33,32,30,19,20],"class_list":{"0":"post-136957","1":"post","2":"type-post","3":"status-publish","4":"format-standard","5":"has-post-thumbnail","7":"category-rubriker","8":"tag-breaking-news","9":"tag-breakingnews","10":"tag-featured-news","11":"tag-featurednews","12":"tag-headlines","13":"tag-huvudnyheter","14":"tag-latest-news","15":"tag-latestnews","16":"tag-main-news","17":"tag-mainnews","18":"tag-news","19":"tag-nyheter","20":"tag-rubriker","21":"tag-se","22":"tag-svenska","23":"tag-sverige","24":"tag-sweden","25":"tag-swedish","26":"tag-top-stories","27":"tag-topstories"},"share_on_mastodon":{"url":"https:\/\/pubeurope.com\/@se\/115899008548852773","error":""},"_links":{"self":[{"href":"https:\/\/www.europesays.com\/se\/wp-json\/wp\/v2\/posts\/136957","targetHints":{"allow":["GET"]}}],"collection":[{"href":"https:\/\/www.europesays.com\/se\/wp-json\/wp\/v2\/posts"}],"about":[{"href":"https:\/\/www.europesays.com\/se\/wp-json\/wp\/v2\/types\/post"}],"author":[{"embeddable":true,"href":"https:\/\/www.europesays.com\/se\/wp-json\/wp\/v2\/users\/2"}],"replies":[{"embeddable":true,"href":"https:\/\/www.europesays.com\/se\/wp-json\/wp\/v2\/comments?post=136957"}],"version-history":[{"count":0,"href":"https:\/\/www.europesays.com\/se\/wp-json\/wp\/v2\/posts\/136957\/revisions"}],"wp:featuredmedia":[{"embeddable":true,"href":"https:\/\/www.europesays.com\/se\/wp-json\/wp\/v2\/media\/136958"}],"wp:attachment":[{"href":"https:\/\/www.europesays.com\/se\/wp-json\/wp\/v2\/media?parent=136957"}],"wp:term":[{"taxonomy":"category","embeddable":true,"href":"https:\/\/www.europesays.com\/se\/wp-json\/wp\/v2\/categories?post=136957"},{"taxonomy":"post_tag","embeddable":true,"href":"https:\/\/www.europesays.com\/se\/wp-json\/wp\/v2\/tags?post=136957"}],"curies":[{"name":"wp","href":"https:\/\/api.w.org\/{rel}","templated":true}]}}