{"id":136965,"date":"2026-01-15T12:05:08","date_gmt":"2026-01-15T12:05:08","guid":{"rendered":"https:\/\/www.europesays.com\/se\/136965\/"},"modified":"2026-01-15T12:05:08","modified_gmt":"2026-01-15T12:05:08","slug":"omvand-vinstvarning-fran-sobi","status":"publish","type":"post","link":"https:\/\/www.europesays.com\/se\/136965\/","title":{"rendered":"Omv\u00e4nd vinstvarning fr\u00e5n Sobi"},"content":{"rendered":"<p>share-arrowDela<\/p>\n<p>unsaveSpara<\/p>\n<p>expand-left<\/p>\n<p>helsk\u00e4rm<img decoding=\"async\" class=\"image-asset hyperion-css-u06ts1\" data-test-tag=\"image-asset\" src=\"https:\/\/www.europesays.com\/se\/wp-content\/uploads\/2026\/01\/900f94c4-2c2f-464c-ab52-630b23056fca.jpeg\"  alt=\"L\u00e4kemedelsbolaget Sobis kontor. Arkivbild.\"  loading=\"eager\" fetchpriority=\"high\" style=\"aspect-ratio:1900 \/ 1267\"\/>L\u00e4kemedelsbolaget Sobis kontor. Arkivbild. Foto: Magnus Hjalmarson Neideman\/Svd\/TT<\/p>\n<p class=\"hyperion-css-1v9qo5x\">L\u00e4kemedelsbolaget Sobi g\u00f6r en omv\u00e4nd vinstvarning inf\u00f6r kommande bokslut. F\u00f6retaget skriver i ett pressmeddelande att int\u00e4kterna och den justerade ebita-marginalen f\u00f6r hel\u00e5ret 2025 \u00f6verstiger tidigare prognos.<\/p>\n<p class=\"hyperion-css-1v9qo5x\">Trots beskedet reagerar aktiemarknaden negativt och aktien sjunker n\u00e4stan 2 procent samtidigt som Stockholmsb\u00f6rsens OMXS-index vid lunchtid \u00e4r upp n\u00e4stan 1 procent.<\/p>\n<p class=\"hyperion-css-1v9qo5x\">Sobis st\u00f6rsta \u00e4gare \u00e4r familjen Wallenbergs investmentbolag Investor f\u00f6ljt av l\u00e4kemedelsj\u00e4tten Astra Zeneca.<\/p>\n","protected":false},"excerpt":{"rendered":"share-arrowDela unsaveSpara expand-left helsk\u00e4rmL\u00e4kemedelsbolaget Sobis kontor. Arkivbild. Foto: Magnus Hjalmarson Neideman\/Svd\/TT L\u00e4kemedelsbolaget Sobi g\u00f6r en omv\u00e4nd vinstvarning inf\u00f6r&hellip;\n","protected":false},"author":2,"featured_media":136966,"comment_status":"","ping_status":"","sticky":false,"template":"","format":"standard","meta":{"footnotes":""},"categories":[65],"tags":[72,70,71,34,31,33,32,30],"class_list":{"0":"post-136965","1":"post","2":"type-post","3":"status-publish","4":"format-standard","5":"has-post-thumbnail","7":"category-ekonomi","8":"tag-business","9":"tag-economy","10":"tag-ekonomi","11":"tag-se","12":"tag-svenska","13":"tag-sverige","14":"tag-sweden","15":"tag-swedish"},"share_on_mastodon":{"url":"https:\/\/pubeurope.com\/@se\/115899028155407861","error":""},"_links":{"self":[{"href":"https:\/\/www.europesays.com\/se\/wp-json\/wp\/v2\/posts\/136965","targetHints":{"allow":["GET"]}}],"collection":[{"href":"https:\/\/www.europesays.com\/se\/wp-json\/wp\/v2\/posts"}],"about":[{"href":"https:\/\/www.europesays.com\/se\/wp-json\/wp\/v2\/types\/post"}],"author":[{"embeddable":true,"href":"https:\/\/www.europesays.com\/se\/wp-json\/wp\/v2\/users\/2"}],"replies":[{"embeddable":true,"href":"https:\/\/www.europesays.com\/se\/wp-json\/wp\/v2\/comments?post=136965"}],"version-history":[{"count":0,"href":"https:\/\/www.europesays.com\/se\/wp-json\/wp\/v2\/posts\/136965\/revisions"}],"wp:featuredmedia":[{"embeddable":true,"href":"https:\/\/www.europesays.com\/se\/wp-json\/wp\/v2\/media\/136966"}],"wp:attachment":[{"href":"https:\/\/www.europesays.com\/se\/wp-json\/wp\/v2\/media?parent=136965"}],"wp:term":[{"taxonomy":"category","embeddable":true,"href":"https:\/\/www.europesays.com\/se\/wp-json\/wp\/v2\/categories?post=136965"},{"taxonomy":"post_tag","embeddable":true,"href":"https:\/\/www.europesays.com\/se\/wp-json\/wp\/v2\/tags?post=136965"}],"curies":[{"name":"wp","href":"https:\/\/api.w.org\/{rel}","templated":true}]}}