{"id":136974,"date":"2026-01-15T12:13:07","date_gmt":"2026-01-15T12:13:07","guid":{"rendered":"https:\/\/www.europesays.com\/se\/136974\/"},"modified":"2026-01-15T12:13:07","modified_gmt":"2026-01-15T12:13:07","slug":"musks-teknik-ska-ge-snabb-uppkoppling-pa-sas-flyg","status":"publish","type":"post","link":"https:\/\/www.europesays.com\/se\/136974\/","title":{"rendered":"Musks teknik ska ge snabb uppkoppling p\u00e5 SAS-flyg"},"content":{"rendered":"<p>Fr\u00e5n och med n\u00e4sta vecka kommer SAS-resen\u00e4rer att kunna anv\u00e4nda h\u00f6ghastighets-wifi som m\u00f6jliggjorts genom teknologi fr\u00e5n Elon Musks Starlink p\u00e5 n\u00e5gra av flygbolagets plan. Det rapporterar DI.<\/p>\n<p>Till tidningen uppger SAS vd Anko van der Werff att l\u00e5ngsam uppkoppling eller total fr\u00e5nvaro av internet ombord p\u00e5 flygningar \u00e4r bland de vanligaste klagom\u00e5len fr\u00e5n passagerare.<\/p>\n<p>\u2013 Uppkopplingen funkar gate till gate och vi tror detta kommer vara en &#8217;game changer&#8217; f\u00f6r flygbranschen, s\u00e4ger han.<\/p>\n<p>Omni \u00e4r politiskt obundna och oberoende. Vi str\u00e4var efter att ge fler perspektiv p\u00e5 nyheterna. Har du fr\u00e5gor eller synpunkter kring v\u00e5r rapportering? <a href=\"https:\/\/omni.se\/musks-teknologi-ska-ge-snabb-uppkoppling-pa-sas-flygplan\/a\/mailto:redaktion@omni.se\" class=\"ArticleActions_contactLink__W2F1M\" rel=\"nofollow noopener\" target=\"_blank\">Kontakta redaktionen<\/a><\/p>\n","protected":false},"excerpt":{"rendered":"Fr\u00e5n och med n\u00e4sta vecka kommer SAS-resen\u00e4rer att kunna anv\u00e4nda h\u00f6ghastighets-wifi som m\u00f6jliggjorts genom teknologi fr\u00e5n Elon Musks&hellip;\n","protected":false},"author":2,"featured_media":136975,"comment_status":"","ping_status":"","sticky":false,"template":"","format":"standard","meta":{"footnotes":""},"categories":[65],"tags":[13782,72,70,71,704,13783,938,3772,34,31,33,32,30,3262],"class_list":{"0":"post-136974","1":"post","2":"type-post","3":"status-publish","4":"format-standard","5":"has-post-thumbnail","7":"category-ekonomi","8":"tag-anko-van-der-werff","9":"tag-business","10":"tag-economy","11":"tag-ekonomi","12":"tag-elon-musk","13":"tag-flygindustri","14":"tag-fordon-transport","15":"tag-sas","16":"tag-se","17":"tag-svenska","18":"tag-sverige","19":"tag-sweden","20":"tag-swedish","21":"tag-transportindustri"},"share_on_mastodon":{"url":"https:\/\/pubeurope.com\/@se\/115899059572244396","error":""},"_links":{"self":[{"href":"https:\/\/www.europesays.com\/se\/wp-json\/wp\/v2\/posts\/136974","targetHints":{"allow":["GET"]}}],"collection":[{"href":"https:\/\/www.europesays.com\/se\/wp-json\/wp\/v2\/posts"}],"about":[{"href":"https:\/\/www.europesays.com\/se\/wp-json\/wp\/v2\/types\/post"}],"author":[{"embeddable":true,"href":"https:\/\/www.europesays.com\/se\/wp-json\/wp\/v2\/users\/2"}],"replies":[{"embeddable":true,"href":"https:\/\/www.europesays.com\/se\/wp-json\/wp\/v2\/comments?post=136974"}],"version-history":[{"count":0,"href":"https:\/\/www.europesays.com\/se\/wp-json\/wp\/v2\/posts\/136974\/revisions"}],"wp:featuredmedia":[{"embeddable":true,"href":"https:\/\/www.europesays.com\/se\/wp-json\/wp\/v2\/media\/136975"}],"wp:attachment":[{"href":"https:\/\/www.europesays.com\/se\/wp-json\/wp\/v2\/media?parent=136974"}],"wp:term":[{"taxonomy":"category","embeddable":true,"href":"https:\/\/www.europesays.com\/se\/wp-json\/wp\/v2\/categories?post=136974"},{"taxonomy":"post_tag","embeddable":true,"href":"https:\/\/www.europesays.com\/se\/wp-json\/wp\/v2\/tags?post=136974"}],"curies":[{"name":"wp","href":"https:\/\/api.w.org\/{rel}","templated":true}]}}