{"id":136976,"date":"2026-01-15T12:16:11","date_gmt":"2026-01-15T12:16:11","guid":{"rendered":"https:\/\/www.europesays.com\/se\/136976\/"},"modified":"2026-01-15T12:16:11","modified_gmt":"2026-01-15T12:16:11","slug":"mote-mellan-danmark-gronland-och-usa-i-vita-huset","status":"publish","type":"post","link":"https:\/\/www.europesays.com\/se\/136976\/","title":{"rendered":"M\u00f6te mellan Danmark, Gr\u00f6nland och USA i Vita huset"},"content":{"rendered":"<p>6 450 miljarder svenska kronor \u00e4r prislappen f\u00f6r Gr\u00f6nland, enligt amerikanska experter.<\/p>\n<p>Men Danmark menar att det inte g\u00e5r att locka \u00f6ver \u00f6borna med pengar.<\/p>\n<p>\u2013 Man kan handla med m\u00e4nniskor, men man kan inte \u201dhandla m\u00e4nniskor\u201d, s\u00e4ger utrikesministern Lars L\u00f8kke Rasmussen till Fox News.<\/p>\n<p><img   alt=\"\"\/><\/p>\n<p>USA:s president Donald Trump.<\/p>\n<p>Foto: FRANCIS CHUNG\/POOL\/EPA<\/p>\n<p>\u00d6ppna bild i helsk\u00e4rm<img loading=\"lazy\"   alt=\"\"\/><\/p>\n<p>Danmarks utrikesminister Lars L\u00f8kke Rasmussen.<\/p>\n<p>Foto: SHAWN THEW\/EPA<\/p>\n<p>\u00d6ppna bild i helsk\u00e4rmArtikeln i korthet<\/p>\n<p> Gr\u00f6nland uppskattas kosta 6 450 miljarder kronor enligt amerikanska experter.<\/p>\n<p> Donald Trump vill k\u00f6pa \u00f6n, men Danmark s\u00e4ger nej.<\/p>\n<p> Den danska utrikesministern Lars L\u00f8kke Rasmussen s\u00e4ger att man inte kan \u201dhandla m\u00e4nniskor\u201d.<\/p>\n<p> Bara sex procent av gr\u00f6nl\u00e4nningarna vill tillh\u00f6ra USA.<\/p>\n<p>Visa mer<\/p>\n<p>I 225 \u00e5r har Danmark haft oavbrutna diplomatiska f\u00f6rbindelser med USA. Men relationen har under den senaste tiden satts p\u00e5 prov efter Donald Trumps upprepade hot om att ta \u00f6ver <a href=\"https:\/\/www.expressen.se\/tagg\/location\/gronland\/\" class=\"\" rel=\"nofollow noopener\" target=\"_blank\">Gr\u00f6nland<\/a>.<\/p>\n<p>P\u00e5 onsdagen h\u00f6lls vad som p\u00e5 f\u00f6rhand beskrevs som ett \u00f6desm\u00f6te om \u00f6ns framtid i Vita huset \u2013 dit USA:s utrikesminister Marco Rubio hade bjudit in sina danska och gr\u00f6nl\u00e4ndska motsvarigheter.<\/p>\n<p>Men det verkar inte ha f\u00f6rt parterna n\u00e4rmare varandra.<\/p>\n<p>\u2013 Vi \u00e4r \u00f6verens om att vi inte \u00e4r \u00f6verens, sa Danmarks utrikesminister Lars L\u00f8kke Rasmussen vid en presstr\u00e4ff i g\u00e5r.<\/p>\n<p>Scenariot: 4,6 miljoner var till \u00f6borna<\/p>\n<p>Trots att b\u00e5de den danska och gr\u00f6nl\u00e4ndska statsministern betonat att \u00f6n inte \u00e4r till salu har Trump sv\u00e5rt att ta ett nej. Men skulle den amerikanska presidenten f\u00e5 sin vilja igenom kan prislappen landa p\u00e5 uppemot 700 miljarder dollar \u2013 motsvarande n\u00e4stan 6 450 miljarder svenska kronor.<\/p>\n<p>Uppskattningen kommer fr\u00e5n experter och f\u00f6re detta tj\u00e4nstem\u00e4n som f\u00e5tt i uppdrag att l\u00e4mna en ungef\u00e4rlig siffra till Vita huset, uppger k\u00e4llor f\u00f6r <a href=\"https:\/\/www.nbcnews.com\/politics\/white-house\/buying-greenland-cost-much-700-billion-rcna253921\" rel=\"nofollow noopener\" target=\"_blank\">NBC News<\/a>.<\/p>\n<p>Pengar hamnade ocks\u00e5 i fokus n\u00e4r Lars L\u00f8kke Rasmussen intervjuades av <a href=\"https:\/\/www.foxnews.com\/video\/6387730944112\" rel=\"nofollow noopener\" target=\"_blank\">Fox News<\/a> efter m\u00f6tet i Washington DC. Programledaren m\u00e5lade upp ett scenario d\u00e4r gr\u00f6nl\u00e4nningarna erbjuds motsvarande 4,6 miljoner svenska kronor f\u00f6r att bli en del av USA.<\/p>\n<p>Men enligt L\u00f8kke Rasmussen skulle det fortfarande bli ett nej, eftersom \u00f6n skulle f\u00f6rlora sitt v\u00e4lf\u00e4rdssystem.<\/p>\n<p>\u2013 Helt \u00e4rligt finns det ingen chans att USA kommer att betala f\u00f6r ett skandinaviskt v\u00e4lf\u00e4rdssystem p\u00e5 Gr\u00f6nland. Ni har inte ens inf\u00f6rt ett skandinaviskt v\u00e4lf\u00e4rdssystem i ert eget land, s\u00e4ger han i intervjun.<\/p>\n<p>\u201dSkulle vara slutet f\u00f6r Nato\u201d<\/p>\n<p>Utrikesministern tillade \u00e4ven att de senaste opinionsunders\u00f6kningarna visar att bara sex procent av gr\u00f6nl\u00e4nningarna vill tillh\u00f6ra USA. Han \u00e4r ocks\u00e5 skeptisk till hur den amerikanska administrationen vill g\u00e5 tillv\u00e4ga.<\/p>\n<p>\u2013 Det \u00e4r 2026. Man kan handla med m\u00e4nniskor, men man kan inte \u201dhandla m\u00e4nniskor\u201d, s\u00e4ger L\u00f8kke Rasmussen till Fox News.<\/p>\n<p>Enligt utrikesministern kommer Trumps planer inte att f\u00f6rverkligas.<\/p>\n<p>\u2013 Vi har v\u00e5ra r\u00f6da linjer, s\u00e4ger han.<\/p>\n<p>Presidenten har tidigare hotat med att anv\u00e4nda milit\u00e4ren f\u00f6r att f\u00e5 sin vilja igenom. Men att USA skulle invadera \u00f6n ser L\u00f8kke Rasmussen inte som troligt.<\/p>\n<p>\u2013 \u00c5tminstone hoppas jag inte det, f\u00f6r det skulle vara slutet f\u00f6r Nato, s\u00e4ger utrikesministern.<\/p>\n","protected":false},"excerpt":{"rendered":"6 450 miljarder svenska kronor \u00e4r prislappen f\u00f6r Gr\u00f6nland, enligt amerikanska experter. Men Danmark menar att det inte&hellip;\n","protected":false},"author":2,"featured_media":136977,"comment_status":"","ping_status":"","sticky":false,"template":"","format":"standard","meta":{"footnotes":""},"categories":[5],"tags":[22,23,26,27,17,21,24,25,2034,28,29,15,13375,16,18,34,55,31,33,32,30,19,20],"class_list":{"0":"post-136976","1":"post","2":"type-post","3":"status-publish","4":"format-standard","5":"has-post-thumbnail","7":"category-rubriker","8":"tag-breaking-news","9":"tag-breakingnews","10":"tag-featured-news","11":"tag-featurednews","12":"tag-headlines","13":"tag-huvudnyheter","14":"tag-latest-news","15":"tag-latestnews","16":"tag-location-gronland","17":"tag-main-news","18":"tag-mainnews","19":"tag-news","20":"tag-newsstory-donald-trumps-hot-mot-gronland","21":"tag-nyheter","22":"tag-rubriker","23":"tag-se","24":"tag-sections-varlden","25":"tag-svenska","26":"tag-sverige","27":"tag-sweden","28":"tag-swedish","29":"tag-top-stories","30":"tag-topstories"},"share_on_mastodon":{"url":"https:\/\/pubeurope.com\/@se\/115899071434067870","error":""},"_links":{"self":[{"href":"https:\/\/www.europesays.com\/se\/wp-json\/wp\/v2\/posts\/136976","targetHints":{"allow":["GET"]}}],"collection":[{"href":"https:\/\/www.europesays.com\/se\/wp-json\/wp\/v2\/posts"}],"about":[{"href":"https:\/\/www.europesays.com\/se\/wp-json\/wp\/v2\/types\/post"}],"author":[{"embeddable":true,"href":"https:\/\/www.europesays.com\/se\/wp-json\/wp\/v2\/users\/2"}],"replies":[{"embeddable":true,"href":"https:\/\/www.europesays.com\/se\/wp-json\/wp\/v2\/comments?post=136976"}],"version-history":[{"count":0,"href":"https:\/\/www.europesays.com\/se\/wp-json\/wp\/v2\/posts\/136976\/revisions"}],"wp:featuredmedia":[{"embeddable":true,"href":"https:\/\/www.europesays.com\/se\/wp-json\/wp\/v2\/media\/136977"}],"wp:attachment":[{"href":"https:\/\/www.europesays.com\/se\/wp-json\/wp\/v2\/media?parent=136976"}],"wp:term":[{"taxonomy":"category","embeddable":true,"href":"https:\/\/www.europesays.com\/se\/wp-json\/wp\/v2\/categories?post=136976"},{"taxonomy":"post_tag","embeddable":true,"href":"https:\/\/www.europesays.com\/se\/wp-json\/wp\/v2\/tags?post=136976"}],"curies":[{"name":"wp","href":"https:\/\/api.w.org\/{rel}","templated":true}]}}