{"id":136986,"date":"2026-01-15T12:25:11","date_gmt":"2026-01-15T12:25:11","guid":{"rendered":"https:\/\/www.europesays.com\/se\/136986\/"},"modified":"2026-01-15T12:25:11","modified_gmt":"2026-01-15T12:25:11","slug":"idag-trader-cybersakerhetslagen-i-kraft","status":"publish","type":"post","link":"https:\/\/www.europesays.com\/se\/136986\/","title":{"rendered":"Idag tr\u00e4der cybers\u00e4kerhetslagen i kraft"},"content":{"rendered":"<p>&#13;<br \/>\n&#13;<br \/>\n            &#13;<br \/>\n&#13;<br \/>\n&#13;<\/p>\n<p class=\"lead\">&#13;<br \/>\n                Anna S\u00f6yland, jurist p\u00e5 PTS, ber\u00e4ttar om den nya cybers\u00e4kerhetslagen som tr\u00e4der i kraft idag den 15 januari.&#13;\n            <\/p>\n<p>&#13;<br \/>\n&#13;<br \/>\n            &#13;<br \/>\nAnna, vad inneb\u00e4r cybers\u00e4kerhetslagen?<\/p>\n<p>\u2013 Cybers\u00e4kerhetslagen \u00e4r Sveriges implementering av EU:s NIS2-direktiv. Den h\u00e4r lagen s\u00e4kerst\u00e4ller allts\u00e5 att de krav som st\u00e4lls upp i NIS2-direktivet g\u00e4ller i Sverige.<\/p>\n<p>NIS2-direktivet, och i f\u00f6rl\u00e4ngningen cybers\u00e4kerhetslagen, syftar till att h\u00f6ja den gemensamma cybers\u00e4kerhetsniv\u00e5n i EU, genom att verksamhetsut\u00f6vare som tr\u00e4ffas av lagstiftningen ska vidta l\u00e4mpliga \u00e5tg\u00e4rder f\u00f6r att kunna hantera de risker som kan hota s\u00e4kerheten i verksamhetens n\u00e4tverks- och informationssystem. \u00a0<\/p>\n<p>Varf\u00f6r beh\u00f6vs en lag f\u00f6r cybers\u00e4kerhet?<\/p>\n<p>\u2013 Cyberattacker, cyberhot och incidenter som p\u00e5verkar n\u00e4tverks- och informationssystem \u00e4r problem som forts\u00e4tter v\u00e4xa i samh\u00e4llet. Se bara p\u00e5 Kaseya-incidenten (som tvingade Coop-butiker \u00f6ver hela landet att st\u00e4nga), Tietoevry-incidenten (som slog ut l\u00f6nesystemen f\u00f6r \u00f6ver 100 myndigheter) och Milj\u00f6data-incidenten (som resulterade i \u00f6ver en miljon svenska personuppgifter l\u00e4ckta p\u00e5 Darknet) \u2013 f\u00f6r att n\u00e4mna n\u00e5gra av de mest allvarliga p\u00e5 senare \u00e5r.<\/p>\n<p>Man har p\u00e5 EU-niv\u00e5 fastst\u00e4llt att s\u00e5dana incidenter kan hindra ut\u00f6vandet av ekonomisk verksamhet p\u00e5 den inre marknaden, generera ekonomisk f\u00f6rlust, och undergr\u00e4va anv\u00e4ndarnas f\u00f6rtroende f\u00f6r EU:s ekonomi och samh\u00e4lle. Det \u00e4r viktigt att komma ih\u00e5g att NIS2 och cybers\u00e4kerhetslagen \u00e4r reglering som ska skydda den inre marknadens funktion \u2013 den \u00e4r allts\u00e5 bredare \u00e4n till exempel. beredskapslagstiftning och s\u00e4kerhetsskydd, och tr\u00e4ffar l\u00e5ngt fler akt\u00f6rer \u00e4n bara de som anses s\u00e4rskilt samh\u00e4llsviktiga.<\/p>\n<p>Vilka omfattas av lagen?<\/p>\n<p>\u2013 V\u00e4ldigt m\u00e5nga! Lagen delas upp i 18 sektorer, till exempel bankverksamhet, h\u00e4lso- och sjukv\u00e5rd, forskning, digital infrastruktur, etc. Under varje sektor finns beskrivningar av vilka typer av organisationer som anses falla under respektive sektor. En organisation \u2013 eller \u201dverksamhetsut\u00f6vare\u201d, som det heter i lagen \u2013 omfattas s\u00e5 l\u00e4nge den n\u00e5r upp till storlekskraven, dvs \u00e4r minst ett medelstort bolag\/organisation (50 anst\u00e4llda eller fler eller har \u00f6ver 10 miljoner euro i \u00e5rsoms\u00e4ttning\/balansomslutning). Det finns dock undantag \u2013 vissa typer av verksamhetsut\u00f6vare omfattas av lagen oavsett storlek.<\/p>\n<p>Vilken \u00e4r PTS roll?<\/p>\n<p>\u2013 Vi har tv\u00e5 viktiga roller under cybers\u00e4kerhetslagen. Dels \u00e4r vi tillsynsmyndighet f\u00f6r fem av de 18 sektorer som faller under lagen: digital infrastruktur, digitala leverant\u00f6rer, f\u00f6rvaltning av IKT-tj\u00e4nster (mellan f\u00f6retag), rymden och post- och budtj\u00e4nster. Det inneb\u00e4r att vi p\u00e5 PTS jobbar f\u00f6r fullt med f\u00f6reskriftsarbete, kommunikationsaktiviteter, tillsynsplanering och samverkan f\u00f6r att f\u00f6rbereda oss f\u00f6r v\u00e5rt nya tillsynsuppdrag.<\/p>\n<p>Som myndighet \u00e4r vi \u00e4ven en verksamhetsut\u00f6vare som omfattas av lagstiftningen. D\u00e4rf\u00f6r \u00e4r vi allts\u00e5 skyldiga att vidta l\u00e4mpliga \u00e5tg\u00e4rder och rapportera betydande incidenter \u2013 och vi kan bli f\u00f6rem\u00e5l f\u00f6r tillsyn under cybers\u00e4kerhetslagen. Fr\u00e4mst \u00e4r det ledningen i varje organisation som \u00e4r skyldig att s\u00e4kerst\u00e4lla att verksamheten har en god niv\u00e5 p\u00e5 cybers\u00e4kerhet och uppfyller kraven i lagen.<\/p>\n<p>Vad h\u00e4nder om en verksamhetsut\u00f6vare inte f\u00f6ljer lagen?<\/p>\n<p>\u2013 En akt\u00f6r som inte f\u00f6ljer cybers\u00e4kerhetslagen kan bli f\u00f6rem\u00e5l f\u00f6r olika tillsynsverktyg, till exempel anm\u00e4rkning, f\u00f6rel\u00e4ggande (vid vite), och sanktionsavgifter (som h\u00f6gst 2 % av den totala globala \u00e5rsoms\u00e4ttningen eller 10 miljoner euro). I v\u00e4ldigt allvarliga situationer kan en tillsynsmyndighet ans\u00f6ka hos domstol om att en person med ledningsansvar hos en verksamhetsut\u00f6vare ska f\u00f6rbjudas att ut\u00f6va ledningsfunktioner d\u00e4r.<\/p>\n<p>\u00a0<\/p>\n<p><a href=\"https:\/\/www.pts.se\/sakerhet-och-integritet\/cybersakerhetslagen\/\" target=\"_blank\" rel=\"noopener nofollow\">L\u00e4s mer om cybers\u00e4kerhetslagen.<\/a><\/p>\n<p>&#13;<br \/>\n&#13;<\/p>\n<p>&#13;<br \/>\n                         Publicerades 2026-01-15&#13;\n                    <\/p>\n<p>&#13;<br \/>\n                         Internet och telefoni, S\u00e4kerhet och integritet&#13;\n                    <\/p>\n<p>            &#13;<\/p>\n","protected":false},"excerpt":{"rendered":"&#13; &#13; &#13; &#13; &#13; &#13; Anna S\u00f6yland, jurist p\u00e5 PTS, ber\u00e4ttar om den nya cybers\u00e4kerhetslagen som tr\u00e4der&hellip;\n","protected":false},"author":2,"featured_media":48653,"comment_status":"","ping_status":"","sticky":false,"template":"","format":"standard","meta":{"footnotes":""},"categories":[5],"tags":[22,23,26,27,17,21,24,25,28,29,15,16,18,34,31,33,32,30,19,20],"class_list":{"0":"post-136986","1":"post","2":"type-post","3":"status-publish","4":"format-standard","5":"has-post-thumbnail","7":"category-rubriker","8":"tag-breaking-news","9":"tag-breakingnews","10":"tag-featured-news","11":"tag-featurednews","12":"tag-headlines","13":"tag-huvudnyheter","14":"tag-latest-news","15":"tag-latestnews","16":"tag-main-news","17":"tag-mainnews","18":"tag-news","19":"tag-nyheter","20":"tag-rubriker","21":"tag-se","22":"tag-svenska","23":"tag-sverige","24":"tag-sweden","25":"tag-swedish","26":"tag-top-stories","27":"tag-topstories"},"share_on_mastodon":{"url":"https:\/\/pubeurope.com\/@se\/115899106747585641","error":""},"_links":{"self":[{"href":"https:\/\/www.europesays.com\/se\/wp-json\/wp\/v2\/posts\/136986","targetHints":{"allow":["GET"]}}],"collection":[{"href":"https:\/\/www.europesays.com\/se\/wp-json\/wp\/v2\/posts"}],"about":[{"href":"https:\/\/www.europesays.com\/se\/wp-json\/wp\/v2\/types\/post"}],"author":[{"embeddable":true,"href":"https:\/\/www.europesays.com\/se\/wp-json\/wp\/v2\/users\/2"}],"replies":[{"embeddable":true,"href":"https:\/\/www.europesays.com\/se\/wp-json\/wp\/v2\/comments?post=136986"}],"version-history":[{"count":0,"href":"https:\/\/www.europesays.com\/se\/wp-json\/wp\/v2\/posts\/136986\/revisions"}],"wp:featuredmedia":[{"embeddable":true,"href":"https:\/\/www.europesays.com\/se\/wp-json\/wp\/v2\/media\/48653"}],"wp:attachment":[{"href":"https:\/\/www.europesays.com\/se\/wp-json\/wp\/v2\/media?parent=136986"}],"wp:term":[{"taxonomy":"category","embeddable":true,"href":"https:\/\/www.europesays.com\/se\/wp-json\/wp\/v2\/categories?post=136986"},{"taxonomy":"post_tag","embeddable":true,"href":"https:\/\/www.europesays.com\/se\/wp-json\/wp\/v2\/tags?post=136986"}],"curies":[{"name":"wp","href":"https:\/\/api.w.org\/{rel}","templated":true}]}}