{"id":137006,"date":"2026-01-15T12:41:47","date_gmt":"2026-01-15T12:41:47","guid":{"rendered":"https:\/\/www.europesays.com\/se\/137006\/"},"modified":"2026-01-15T12:41:47","modified_gmt":"2026-01-15T12:41:47","slug":"helsingborgs-stad-starker-samverkan-med-naringslivet-kring-beredskap","status":"publish","type":"post","link":"https:\/\/www.europesays.com\/se\/137006\/","title":{"rendered":"Helsingborgs stad st\u00e4rker samverkan med n\u00e4ringslivet kring beredskap"},"content":{"rendered":"<p>\n          Pressmeddelande &#8211;<br \/>\n14 Januari 2026 17:07<\/p>\n<p>    Dela<\/p>\n<p>\n          L\u00e4nk kopierad!\n        <\/p>\n<p>          <a class=\"ghost-btn-with-icon svg-stroke\" rel=\"nofollow noopener\" aria-label=\"Ladda ned som PDF\" href=\"https:\/\/www.mynewsdesk.com\/se\/helsingborg\/pressreleases\/helsingborgs-stad-staerker-samverkan-med-naeringslivet-kring-beredskap-3426047.pdf\" target=\"_blank\"><\/p>\n<p>            Ladda ner<br \/>\n<\/a>      <\/p>\n<p><strong>N\u00e4ringslivet \u00e4r avg\u00f6rande f\u00f6r Sveriges f\u00f6rsvarsf\u00f6rm\u00e5ga. Kommunstyrelsen ger nu staden ett tydligt uppdrag att i h\u00f6gre grad inkludera n\u00e4ringslivet i beredskapsarbetet. <\/strong><strong>\u2013<\/strong><strong> F\u00f6retagen \u00e4r en central del av totalf\u00f6rsvaret och en f\u00f6ruts\u00e4ttning f\u00f6r att samh\u00e4llet ska fungera vid kris och krig, s\u00e4ger Christian Orsing (M), kommunstyrelsens ordf\u00f6rande i Helsingborgs stad. <br \/><\/strong><br \/>Inom kort landar en broschyr fr\u00e5n Myndigheten f\u00f6r Civilt F\u00f6rsvar, MCF, i brevl\u00e5dan hos landets f\u00f6retag. Syftet med broschyren \u00e4r att \u00f6ka n\u00e4ringslivets kunskap om hur det kan f\u00f6rbereda sig f\u00f6r kris och krig.<\/p>\n<p>Nu agerar Helsingborgs stad p\u00e5 initiativet. <\/p>\n<p>Redan dagen efter MCF:s lansering ger kommunstyrelsen staden i uppdrag att utveckla sitt samarbete med n\u00e4ringslivet inom ramen f\u00f6r det civila f\u00f6rsvaret. Arbetet ska genomf\u00f6ras i n\u00e4ra samverkan med bland andra l\u00e4nsstyrelsen, MCF, samt n\u00e4ringslivets intresseorganisationer och ett s\u00e4rskilt fokus ska ligga p\u00e5 f\u00f6retag som bedriver samh\u00e4llsviktig verksamhet.<\/p>\n<p>\u2013 Staden ska vara den samlande kraften i det lokala beredskapsarbetet och vi beh\u00f6ver st\u00e4rka v\u00e5r samverkan med n\u00e4ringslivet. F\u00f6retagen \u00e4r en central del av totalf\u00f6rsvaret och en f\u00f6ruts\u00e4ttning f\u00f6r att samh\u00e4llet ska fungera vid kris eller ytterst krig, s\u00e4ger Christian Orsing (M), kommunstyrelsens ordf\u00f6rande i Helsingborg.<\/p>\n<p>Motst\u00e5ndskraften i f\u00f6retag och leveranskedjor \u00e4r avg\u00f6rande f\u00f6r Sveriges f\u00f6rsvarsf\u00f6rm\u00e5ga. F\u00f6retag som planerar f\u00f6r l\u00e5ngvariga st\u00f6rningar, parallella hot och snabba omst\u00e4llningar bidrar inte bara till sin egen \u00f6verlevnad, utan \u00e4ven till Sveriges samlade beredskap.<\/p>\n<p>\u2013 Genom att utveckla strukturer f\u00f6r samverkan och informationsutbyte mellan staden och n\u00e4ringslivet st\u00e4rker vi tryggheten i dag och s\u00e4kerheten imorgon. Helsingborg ska vara en stad d\u00e4r f\u00f6retag kan uppr\u00e4tth\u00e5lla sin verksamhet \u00e4ven under sv\u00e5ra f\u00f6rh\u00e5llanden, s\u00e4ger Christian Orsing (M).<\/p>\n<p>Resultatet av uppdraget ska \u00e5terrapporteras till kommunstyrelsen senast december 2026.<\/p>\n<p><strong>Kontakt:<\/strong><\/p>\n<p>Christian Orsing (M), kommunstyrelsens ordf\u00f6rande i Helsingborgs stad: 042 -10 55 55<\/p>\n","protected":false},"excerpt":{"rendered":"Pressmeddelande &#8211; 14 Januari 2026 17:07 Dela L\u00e4nk kopierad! Ladda ner N\u00e4ringslivet \u00e4r avg\u00f6rande f\u00f6r Sveriges f\u00f6rsvarsf\u00f6rm\u00e5ga. Kommunstyrelsen&hellip;\n","protected":false},"author":2,"featured_media":137007,"comment_status":"","ping_status":"","sticky":false,"template":"","format":"standard","meta":{"footnotes":""},"categories":[5],"tags":[22,23,26,27,17,13784,21,24,25,28,29,15,16,18,34,31,33,32,30,19,20],"class_list":{"0":"post-137006","1":"post","2":"type-post","3":"status-publish","4":"format-standard","5":"has-post-thumbnail","7":"category-rubriker","8":"tag-breaking-news","9":"tag-breakingnews","10":"tag-featured-news","11":"tag-featurednews","12":"tag-headlines","13":"tag-helsingborgs-stad","14":"tag-huvudnyheter","15":"tag-latest-news","16":"tag-latestnews","17":"tag-main-news","18":"tag-mainnews","19":"tag-news","20":"tag-nyheter","21":"tag-rubriker","22":"tag-se","23":"tag-svenska","24":"tag-sverige","25":"tag-sweden","26":"tag-swedish","27":"tag-top-stories","28":"tag-topstories"},"share_on_mastodon":{"url":"https:\/\/pubeurope.com\/@se\/115899173625670488","error":""},"_links":{"self":[{"href":"https:\/\/www.europesays.com\/se\/wp-json\/wp\/v2\/posts\/137006","targetHints":{"allow":["GET"]}}],"collection":[{"href":"https:\/\/www.europesays.com\/se\/wp-json\/wp\/v2\/posts"}],"about":[{"href":"https:\/\/www.europesays.com\/se\/wp-json\/wp\/v2\/types\/post"}],"author":[{"embeddable":true,"href":"https:\/\/www.europesays.com\/se\/wp-json\/wp\/v2\/users\/2"}],"replies":[{"embeddable":true,"href":"https:\/\/www.europesays.com\/se\/wp-json\/wp\/v2\/comments?post=137006"}],"version-history":[{"count":0,"href":"https:\/\/www.europesays.com\/se\/wp-json\/wp\/v2\/posts\/137006\/revisions"}],"wp:featuredmedia":[{"embeddable":true,"href":"https:\/\/www.europesays.com\/se\/wp-json\/wp\/v2\/media\/137007"}],"wp:attachment":[{"href":"https:\/\/www.europesays.com\/se\/wp-json\/wp\/v2\/media?parent=137006"}],"wp:term":[{"taxonomy":"category","embeddable":true,"href":"https:\/\/www.europesays.com\/se\/wp-json\/wp\/v2\/categories?post=137006"},{"taxonomy":"post_tag","embeddable":true,"href":"https:\/\/www.europesays.com\/se\/wp-json\/wp\/v2\/tags?post=137006"}],"curies":[{"name":"wp","href":"https:\/\/api.w.org\/{rel}","templated":true}]}}