{"id":137022,"date":"2026-01-15T12:55:07","date_gmt":"2026-01-15T12:55:07","guid":{"rendered":"https:\/\/www.europesays.com\/se\/137022\/"},"modified":"2026-01-15T12:55:07","modified_gmt":"2026-01-15T12:55:07","slug":"europa-maste-anvanda-sin-makt-mot-putin","status":"publish","type":"post","link":"https:\/\/www.europesays.com\/se\/137022\/","title":{"rendered":"Europa m\u00e5ste anv\u00e4nda sin makt mot Putin"},"content":{"rendered":"<p>Julia Navalnaja, \u00e4nka efter den ryska oppositionsledaren Aleksej Navalnyj, smider nu planer f\u00f6r att st\u00f6rta Vladimir Putin.<\/p>\n<p>I en intervju med Di:s danska systertidning B\u00f8rsen kallar hon presidenten f\u00f6r \u201den helt vanlig och enkel diktator\u201d och kritiserar Europas s\u00e4tt att bem\u00f6ta hans maktambitioner.<\/p>\n<p>\u201dOm han tar en paus \u00e4r det bara f\u00f6r att \u00e5terh\u00e4mta sig och attackera igen\u201d, s\u00e4ger hon.<\/p>\n<p>L\u00e4s ocks\u00e5 om:<\/p>\n<p>\u2713 Drivkraften: \u201dRyssar f\u00f6rtj\u00e4nar b\u00e4ttre\u201d<\/p>\n<p>\u2713 Farorna: \u201dKan bli d\u00f6dad i morgon\u201d<\/p>\n<p>\u2713 Putins st\u00f6d: \u201dRiskerar f\u00e4ngelse\u201d<\/p>\n<p>\u2713 Tidsf\u00f6nstret: \u201dG\u00e4ller att ha en plan\u201d<\/p>\n<p>\u2713 Europas motdrag: \u201dBara l\u00f6jligt\u201d<\/p>\n","protected":false},"excerpt":{"rendered":"Julia Navalnaja, \u00e4nka efter den ryska oppositionsledaren Aleksej Navalnyj, smider nu planer f\u00f6r att st\u00f6rta Vladimir Putin. I&hellip;\n","protected":false},"author":2,"featured_media":137023,"comment_status":"","ping_status":"","sticky":false,"template":"","format":"standard","meta":{"footnotes":""},"categories":[14],"tags":[22,23,26,27,17,21,24,25,28,29,15,16,18,34,31,33,32,30,19,20,51,52,53,54],"class_list":{"0":"post-137022","1":"post","2":"type-post","3":"status-publish","4":"format-standard","5":"has-post-thumbnail","7":"category-varlden","8":"tag-breaking-news","9":"tag-breakingnews","10":"tag-featured-news","11":"tag-featurednews","12":"tag-headlines","13":"tag-huvudnyheter","14":"tag-latest-news","15":"tag-latestnews","16":"tag-main-news","17":"tag-mainnews","18":"tag-news","19":"tag-nyheter","20":"tag-rubriker","21":"tag-se","22":"tag-svenska","23":"tag-sverige","24":"tag-sweden","25":"tag-swedish","26":"tag-top-stories","27":"tag-topstories","28":"tag-varlden","29":"tag-world","30":"tag-world-news","31":"tag-worldnews"},"share_on_mastodon":{"url":"https:\/\/pubeurope.com\/@se\/115899224814548738","error":""},"_links":{"self":[{"href":"https:\/\/www.europesays.com\/se\/wp-json\/wp\/v2\/posts\/137022","targetHints":{"allow":["GET"]}}],"collection":[{"href":"https:\/\/www.europesays.com\/se\/wp-json\/wp\/v2\/posts"}],"about":[{"href":"https:\/\/www.europesays.com\/se\/wp-json\/wp\/v2\/types\/post"}],"author":[{"embeddable":true,"href":"https:\/\/www.europesays.com\/se\/wp-json\/wp\/v2\/users\/2"}],"replies":[{"embeddable":true,"href":"https:\/\/www.europesays.com\/se\/wp-json\/wp\/v2\/comments?post=137022"}],"version-history":[{"count":0,"href":"https:\/\/www.europesays.com\/se\/wp-json\/wp\/v2\/posts\/137022\/revisions"}],"wp:featuredmedia":[{"embeddable":true,"href":"https:\/\/www.europesays.com\/se\/wp-json\/wp\/v2\/media\/137023"}],"wp:attachment":[{"href":"https:\/\/www.europesays.com\/se\/wp-json\/wp\/v2\/media?parent=137022"}],"wp:term":[{"taxonomy":"category","embeddable":true,"href":"https:\/\/www.europesays.com\/se\/wp-json\/wp\/v2\/categories?post=137022"},{"taxonomy":"post_tag","embeddable":true,"href":"https:\/\/www.europesays.com\/se\/wp-json\/wp\/v2\/tags?post=137022"}],"curies":[{"name":"wp","href":"https:\/\/api.w.org\/{rel}","templated":true}]}}