{"id":137024,"date":"2026-01-15T12:56:13","date_gmt":"2026-01-15T12:56:13","guid":{"rendered":"https:\/\/www.europesays.com\/se\/137024\/"},"modified":"2026-01-15T12:56:13","modified_gmt":"2026-01-15T12:56:13","slug":"bada-dottrarna-horda-i-bodenfallet","status":"publish","type":"post","link":"https:\/\/www.europesays.com\/se\/137024\/","title":{"rendered":"B\u00e5da d\u00f6ttrarna h\u00f6rda i Bodenfallet"},"content":{"rendered":"<p class=\"boxtextgrotesk-root_baa6 hyperion-css-7pajle\">Uppdaterad 11.05 | Publicerad 10.22<\/p>\n<p>share-arrowDela<\/p>\n<p>unsaveSpara<\/p>\n<p>expand-left<\/p>\n<p>helsk\u00e4rm<img decoding=\"async\" class=\"image-asset hyperion-css-u06ts1\" data-test-tag=\"image-asset\" src=\"https:\/\/www.europesays.com\/se\/wp-content\/uploads\/2026\/01\/4e32dba2-0674-40eb-bc3b-a165baa6a906.jpeg\"  alt=\"Det var p\u00e5 juldagen som en kvinna i 55-\u00e5rs\u00e5ldern m\u00f6rdades i en villa i Boden. Arkivbild.\"  loading=\"eager\" fetchpriority=\"high\" style=\"aspect-ratio:1900 \/ 1267\"\/>Det var p\u00e5 juldagen som en kvinna i 55-\u00e5rs\u00e5ldern m\u00f6rdades i en villa i Boden. Arkivbild. Foto: Mats Engfors\/TT<\/p>\n<p class=\"hyperion-css-1shl3oz\" data-test-tag=\"lead-text\">B\u00e5da ton\u00e5rsd\u00f6ttrarna som skadades i Boden p\u00e5 juldagen har nu kunnat h\u00f6ras av polisen.<\/p>\n<p class=\"hyperion-css-1shl3oz\" data-test-tag=\"lead-text\">\u2013 Det enda som \u00e4r nytt \u00e4r att vi har kunnat prata med henne, men mycket mer har vi inte att sl\u00e4ppa \u00e4n s\u00e5 l\u00e4nge, s\u00e4ger P-O Andersson, kriminalkommissarie vid polisen i Lule\u00e5.<\/p>\n<p class=\"hyperion-css-1v9qo5x\">Polisen har tidigare ber\u00e4ttat att de har en ganska tydlig bild av h\u00e4ndelsef\u00f6rloppet.<\/p>\n<p class=\"hyperion-css-1v9qo5x\">\u2013 Vi beh\u00f6ver f\u00e5 lite extra svar f\u00f6r att kunna vara s\u00e5 precisa som m\u00f6jligt fast att vi inte har n\u00e5gon misst\u00e4nkt som \u00e4r vid liv. Vi vill ha lite mer och det ska vi kunna presentera till anh\u00f6riga, s\u00e4ger P-O Andersson.<\/p>\n<p class=\"hyperion-css-1v9qo5x\">Det var p\u00e5 juldagen som en mamma i 55-\u00e5rs\u00e5ldern m\u00f6rdades och tv\u00e5 ton\u00e5rsd\u00f6ttrar skadades. Den misst\u00e4nkte g\u00e4rningsmannen sk\u00f6ts till d\u00f6ds p\u00e5 platsen av polis i en n\u00f6dv\u00e4rnssituation.<\/p>\n","protected":false},"excerpt":{"rendered":"Uppdaterad 11.05 | Publicerad 10.22 share-arrowDela unsaveSpara expand-left helsk\u00e4rmDet var p\u00e5 juldagen som en kvinna i 55-\u00e5rs\u00e5ldern m\u00f6rdades&hellip;\n","protected":false},"author":2,"featured_media":137025,"comment_status":"","ping_status":"","sticky":false,"template":"","format":"standard","meta":{"footnotes":""},"categories":[12],"tags":[22,23,26,27,17,21,24,25,28,29,15,16,18,34,31,33,32,30,19,20],"class_list":{"0":"post-137024","1":"post","2":"type-post","3":"status-publish","4":"format-standard","5":"has-post-thumbnail","7":"category-sverige","8":"tag-breaking-news","9":"tag-breakingnews","10":"tag-featured-news","11":"tag-featurednews","12":"tag-headlines","13":"tag-huvudnyheter","14":"tag-latest-news","15":"tag-latestnews","16":"tag-main-news","17":"tag-mainnews","18":"tag-news","19":"tag-nyheter","20":"tag-rubriker","21":"tag-se","22":"tag-svenska","23":"tag-sverige","24":"tag-sweden","25":"tag-swedish","26":"tag-top-stories","27":"tag-topstories"},"share_on_mastodon":{"url":"https:\/\/pubeurope.com\/@se\/115899228771195699","error":""},"_links":{"self":[{"href":"https:\/\/www.europesays.com\/se\/wp-json\/wp\/v2\/posts\/137024","targetHints":{"allow":["GET"]}}],"collection":[{"href":"https:\/\/www.europesays.com\/se\/wp-json\/wp\/v2\/posts"}],"about":[{"href":"https:\/\/www.europesays.com\/se\/wp-json\/wp\/v2\/types\/post"}],"author":[{"embeddable":true,"href":"https:\/\/www.europesays.com\/se\/wp-json\/wp\/v2\/users\/2"}],"replies":[{"embeddable":true,"href":"https:\/\/www.europesays.com\/se\/wp-json\/wp\/v2\/comments?post=137024"}],"version-history":[{"count":0,"href":"https:\/\/www.europesays.com\/se\/wp-json\/wp\/v2\/posts\/137024\/revisions"}],"wp:featuredmedia":[{"embeddable":true,"href":"https:\/\/www.europesays.com\/se\/wp-json\/wp\/v2\/media\/137025"}],"wp:attachment":[{"href":"https:\/\/www.europesays.com\/se\/wp-json\/wp\/v2\/media?parent=137024"}],"wp:term":[{"taxonomy":"category","embeddable":true,"href":"https:\/\/www.europesays.com\/se\/wp-json\/wp\/v2\/categories?post=137024"},{"taxonomy":"post_tag","embeddable":true,"href":"https:\/\/www.europesays.com\/se\/wp-json\/wp\/v2\/tags?post=137024"}],"curies":[{"name":"wp","href":"https:\/\/api.w.org\/{rel}","templated":true}]}}