{"id":137036,"date":"2026-01-15T13:07:08","date_gmt":"2026-01-15T13:07:08","guid":{"rendered":"https:\/\/www.europesays.com\/se\/137036\/"},"modified":"2026-01-15T13:07:08","modified_gmt":"2026-01-15T13:07:08","slug":"officiellt-mff-saljer-andre-alvarez-perez-allsvenskan","status":"publish","type":"post","link":"https:\/\/www.europesays.com\/se\/137036\/","title":{"rendered":"Officiellt: MFF s\u00e4ljer Andr\u00e9 Alvarez Perez &#8211; Allsvenskan"},"content":{"rendered":"<p>Malm\u00f6 FF meddelar under torsdagen att mittbacken Andr\u00e9 Alvarez Perez s\u00e4ljs till Landskrona Bois, som h\u00e5ller till i superettan. <\/p>\n<p>&#8211; Det \u00e4r stor konkurrens hos oss och Andr\u00e9 har inte riktigt lyckats sl\u00e5 sig in. Han har trivts bra i Landskrona Bois under sin utl\u00e5ning d\u00e4r och nu har vi hittat en permanent l\u00f6sning som blir bra f\u00f6r alla parter, s\u00e4ger MFF-sportchefen Daniel Andersson p\u00e5 klubbens hemsida. <\/p>\n<p>20-\u00e5ringen blev noterad f\u00f6r en match med MFF:s A-lag. F\u00f6rra s\u00e4songen var han utl\u00e5nad till Landskrona och han har \u00e4ven varit p\u00e5 l\u00e5n hos BK Olympic, samt danska klubben \u00c5lborg. <\/p>\n","protected":false},"excerpt":{"rendered":"Malm\u00f6 FF meddelar under torsdagen att mittbacken Andr\u00e9 Alvarez Perez s\u00e4ljs till Landskrona Bois, som h\u00e5ller till i&hellip;\n","protected":false},"author":2,"featured_media":137037,"comment_status":"","ping_status":"","sticky":false,"template":"","format":"standard","meta":{"footnotes":""},"categories":[68],"tags":[34,111,110,31,33,32,30],"class_list":{"0":"post-137036","1":"post","2":"type-post","3":"status-publish","4":"format-standard","5":"has-post-thumbnail","7":"category-sport","8":"tag-se","9":"tag-sport","10":"tag-sports","11":"tag-svenska","12":"tag-sverige","13":"tag-sweden","14":"tag-swedish"},"share_on_mastodon":{"url":"https:\/\/pubeurope.com\/@se\/115899272016487090","error":""},"_links":{"self":[{"href":"https:\/\/www.europesays.com\/se\/wp-json\/wp\/v2\/posts\/137036","targetHints":{"allow":["GET"]}}],"collection":[{"href":"https:\/\/www.europesays.com\/se\/wp-json\/wp\/v2\/posts"}],"about":[{"href":"https:\/\/www.europesays.com\/se\/wp-json\/wp\/v2\/types\/post"}],"author":[{"embeddable":true,"href":"https:\/\/www.europesays.com\/se\/wp-json\/wp\/v2\/users\/2"}],"replies":[{"embeddable":true,"href":"https:\/\/www.europesays.com\/se\/wp-json\/wp\/v2\/comments?post=137036"}],"version-history":[{"count":0,"href":"https:\/\/www.europesays.com\/se\/wp-json\/wp\/v2\/posts\/137036\/revisions"}],"wp:featuredmedia":[{"embeddable":true,"href":"https:\/\/www.europesays.com\/se\/wp-json\/wp\/v2\/media\/137037"}],"wp:attachment":[{"href":"https:\/\/www.europesays.com\/se\/wp-json\/wp\/v2\/media?parent=137036"}],"wp:term":[{"taxonomy":"category","embeddable":true,"href":"https:\/\/www.europesays.com\/se\/wp-json\/wp\/v2\/categories?post=137036"},{"taxonomy":"post_tag","embeddable":true,"href":"https:\/\/www.europesays.com\/se\/wp-json\/wp\/v2\/tags?post=137036"}],"curies":[{"name":"wp","href":"https:\/\/api.w.org\/{rel}","templated":true}]}}