{"id":137042,"date":"2026-01-15T13:10:23","date_gmt":"2026-01-15T13:10:23","guid":{"rendered":"https:\/\/www.europesays.com\/se\/137042\/"},"modified":"2026-01-15T13:10:23","modified_gmt":"2026-01-15T13:10:23","slug":"ai-kompetens-framgangsfaktor-chef-och-chefakademin","status":"publish","type":"post","link":"https:\/\/www.europesays.com\/se\/137042\/","title":{"rendered":"AI-kompetens = framg\u00e5ngsfaktor | Chef och Chefakademin"},"content":{"rendered":"<p><strong>AI-KOMPETENS BLAND<\/strong> medarbetarna ses som den enskilt viktigaste framg\u00e5ngsfaktorn f\u00f6r svenska f\u00f6retag de kommande tre \u00e5ren.<\/p>\n<p>Det visar en unders\u00f6kning med 1000 vd:ar som Forbes genomf\u00f6rt p\u00e5 uppdrag av revisionsj\u00e4tten KPMG.\u00a0<\/p>\n<p>\u201dVi har nu n\u00e5tt en punkt d\u00e4r det r\u00e5der bred enighet om AI:s potential och f\u00f6r\u00e4ndringstakten accelererar snabbt. Fr\u00e5gan \u00e4r nu hur denna potential ska tillvaratas och integreras med organisationens verksamhet, vilket \u00e4r en utmaning av en annan karakt\u00e4r \u00e4n vi tidigare sett\u201d, s\u00e4ger <strong>Theresa Lagerbielke<\/strong> p\u00e5 KPMG.<\/p>\n<blockquote class=\"wp-block-quote is-layout-flow wp-block-quote-is-layout-flow\">\n<p>\u201dVilka roller \u00e4r redan irrelevanta utan att vi har v\u00e5gat s\u00e4ga det h\u00f6gt?\u201d<\/p>\n<\/blockquote>\n<p>\u201dAI h\u00e5ller p\u00e5 att g\u00f6ra med jobbtitlar det Excel gjorde med ekonomiavdelningar p\u00e5 90-talet\u201d, skriver AI Swedens <strong>Per Clingweld<\/strong> i ett inl\u00e4gg p\u00e5 Linkedin. <\/p>\n<p>Han listar tre saker som f\u00f6r\u00e4ndras i\u00a0grunden just nu: \u00a0<\/p>\n<ol>\n<li>Specialistroller suddas ut. \u00a0<\/li>\n<li>Produkt och teknik sm\u00e4lter ihop. \u00a0<\/li>\n<li>Enpersons-team blir det nya normala. \u00a0<\/li>\n<\/ol>\n<p>\u201dDet h\u00e4r \u00e4r obekv\u00e4mt f\u00f6r m\u00e5nga organisationer, s\u00e4rskilt i Sverige d\u00e4r vi \u00e4lskar titlar, tydliga ansvarslinjer och rollbeskrivningar som \u00e4r l\u00e4ngre \u00e4n v\u00e5ra strategi-PM. Om du \u00e4r chef eller ledare \u00e4r inte fr\u00e5gan du ska st\u00e4lla dig \u2019Hur kommer v\u00e5ra roller p\u00e5verkas?\u2019 Utan: \u2019Vilka roller \u00e4r redan irrelevanta utan att vi har v\u00e5gat s\u00e4ga det h\u00f6gt?\u2019\u201d, skriver Clingweld.\u00a0<\/p>\n<p>      <img loading=\"lazy\" width=\"400\" height=\"400\" src=\"https:\/\/www.europesays.com\/se\/wp-content\/uploads\/2026\/01\/fredrik_kullberg_foto_oskar_omne_KV.jpg\" class=\"attachment-medium size-medium\" alt=\"\" decoding=\"async\"\/><\/p>\n","protected":false},"excerpt":{"rendered":"AI-KOMPETENS BLAND medarbetarna ses som den enskilt viktigaste framg\u00e5ngsfaktorn f\u00f6r svenska f\u00f6retag de kommande tre \u00e5ren. Det visar&hellip;\n","protected":false},"author":2,"featured_media":137043,"comment_status":"","ping_status":"","sticky":false,"template":"","format":"standard","meta":{"footnotes":""},"categories":[65],"tags":[72,70,71,34,31,33,32,30],"class_list":{"0":"post-137042","1":"post","2":"type-post","3":"status-publish","4":"format-standard","5":"has-post-thumbnail","7":"category-ekonomi","8":"tag-business","9":"tag-economy","10":"tag-ekonomi","11":"tag-se","12":"tag-svenska","13":"tag-sverige","14":"tag-sweden","15":"tag-swedish"},"share_on_mastodon":{"url":"https:\/\/pubeurope.com\/@se\/115899283823419263","error":""},"_links":{"self":[{"href":"https:\/\/www.europesays.com\/se\/wp-json\/wp\/v2\/posts\/137042","targetHints":{"allow":["GET"]}}],"collection":[{"href":"https:\/\/www.europesays.com\/se\/wp-json\/wp\/v2\/posts"}],"about":[{"href":"https:\/\/www.europesays.com\/se\/wp-json\/wp\/v2\/types\/post"}],"author":[{"embeddable":true,"href":"https:\/\/www.europesays.com\/se\/wp-json\/wp\/v2\/users\/2"}],"replies":[{"embeddable":true,"href":"https:\/\/www.europesays.com\/se\/wp-json\/wp\/v2\/comments?post=137042"}],"version-history":[{"count":0,"href":"https:\/\/www.europesays.com\/se\/wp-json\/wp\/v2\/posts\/137042\/revisions"}],"wp:featuredmedia":[{"embeddable":true,"href":"https:\/\/www.europesays.com\/se\/wp-json\/wp\/v2\/media\/137043"}],"wp:attachment":[{"href":"https:\/\/www.europesays.com\/se\/wp-json\/wp\/v2\/media?parent=137042"}],"wp:term":[{"taxonomy":"category","embeddable":true,"href":"https:\/\/www.europesays.com\/se\/wp-json\/wp\/v2\/categories?post=137042"},{"taxonomy":"post_tag","embeddable":true,"href":"https:\/\/www.europesays.com\/se\/wp-json\/wp\/v2\/tags?post=137042"}],"curies":[{"name":"wp","href":"https:\/\/api.w.org\/{rel}","templated":true}]}}