{"id":137050,"date":"2026-01-15T13:18:12","date_gmt":"2026-01-15T13:18:12","guid":{"rendered":"https:\/\/www.europesays.com\/se\/137050\/"},"modified":"2026-01-15T13:18:12","modified_gmt":"2026-01-15T13:18:12","slug":"ericsson-varslar-sa-manga-tjanster-berors-i-kumla","status":"publish","type":"post","link":"https:\/\/www.europesays.com\/se\/137050\/","title":{"rendered":"Ericsson varslar \u2013 s\u00e5 m\u00e5nga tj\u00e4nster ber\u00f6rs i Kumla"},"content":{"rendered":"<p>Ericsson varslar 1\u00a0600 anst\u00e4llda i Sverige om upps\u00e4gning, meddelar f\u00f6retaget i ett pressmeddelande. Enligt uppgifter till SVT \u00d6rebro handlar det om tio personer som ber\u00f6rs i Kumla d\u00e4r det idag finns ett hundratal tj\u00e4nster. <\/p>\n<p>\u2013 En stor chock f\u00f6r de anst\u00e4llda, man f\u00f6rst\u00e5r inte riktigt sammanhanget, s\u00e4ger Per Norlander, koncernf\u00f6rhandlare f\u00f6r Sveriges ingenj\u00f6rer p\u00e5 Ericsson. <\/p>\n<p>\u2013 Det blir en v\u00e4sentlig p\u00e5verkan, men verksamheten blir kvar, s\u00e4ger Per Norlander, koncernf\u00f6rhandlare f\u00f6r Sveriges ingenj\u00f6rer p\u00e5 Ericsson. <\/p>\n<p>Enligt Per Norlander har Ericsson insett att det finns otroligt stark nyckelkompetens i Kumla. \u00c4ven om volymproduktionen inte \u00e4r samma finns viktiga personer h\u00e4r. <\/p>\n<p>\u2013 N\u00e4r den stora utflyttningen av produktion skedde f\u00f6r ett antal \u00e5r sedan var Kumla kvar av en anledning, det finns duktigt folk som h\u00e5ller p\u00e5 med viktig saker, s\u00e4ger Per Norlander. <\/p>\n<p>De lokala f\u00f6retr\u00e4darna ska nu s\u00e4tta sig med f\u00f6retaget och f\u00f6rhandla. En process som v\u00e4ntas ta flera m\u00e5nader. <\/p>\n","protected":false},"excerpt":{"rendered":"Ericsson varslar 1\u00a0600 anst\u00e4llda i Sverige om upps\u00e4gning, meddelar f\u00f6retaget i ett pressmeddelande. Enligt uppgifter till SVT \u00d6rebro&hellip;\n","protected":false},"author":2,"featured_media":793,"comment_status":"","ping_status":"","sticky":false,"template":"","format":"standard","meta":{"footnotes":""},"categories":[65],"tags":[72,70,71,34,31,33,32,30],"class_list":{"0":"post-137050","1":"post","2":"type-post","3":"status-publish","4":"format-standard","5":"has-post-thumbnail","7":"category-ekonomi","8":"tag-business","9":"tag-economy","10":"tag-ekonomi","11":"tag-se","12":"tag-svenska","13":"tag-sverige","14":"tag-sweden","15":"tag-swedish"},"share_on_mastodon":{"url":"https:\/\/pubeurope.com\/@se\/115899315193847212","error":""},"_links":{"self":[{"href":"https:\/\/www.europesays.com\/se\/wp-json\/wp\/v2\/posts\/137050","targetHints":{"allow":["GET"]}}],"collection":[{"href":"https:\/\/www.europesays.com\/se\/wp-json\/wp\/v2\/posts"}],"about":[{"href":"https:\/\/www.europesays.com\/se\/wp-json\/wp\/v2\/types\/post"}],"author":[{"embeddable":true,"href":"https:\/\/www.europesays.com\/se\/wp-json\/wp\/v2\/users\/2"}],"replies":[{"embeddable":true,"href":"https:\/\/www.europesays.com\/se\/wp-json\/wp\/v2\/comments?post=137050"}],"version-history":[{"count":0,"href":"https:\/\/www.europesays.com\/se\/wp-json\/wp\/v2\/posts\/137050\/revisions"}],"wp:featuredmedia":[{"embeddable":true,"href":"https:\/\/www.europesays.com\/se\/wp-json\/wp\/v2\/media\/793"}],"wp:attachment":[{"href":"https:\/\/www.europesays.com\/se\/wp-json\/wp\/v2\/media?parent=137050"}],"wp:term":[{"taxonomy":"category","embeddable":true,"href":"https:\/\/www.europesays.com\/se\/wp-json\/wp\/v2\/categories?post=137050"},{"taxonomy":"post_tag","embeddable":true,"href":"https:\/\/www.europesays.com\/se\/wp-json\/wp\/v2\/tags?post=137050"}],"curies":[{"name":"wp","href":"https:\/\/api.w.org\/{rel}","templated":true}]}}