{"id":137051,"date":"2026-01-15T13:19:11","date_gmt":"2026-01-15T13:19:11","guid":{"rendered":"https:\/\/www.europesays.com\/se\/137051\/"},"modified":"2026-01-15T13:19:11","modified_gmt":"2026-01-15T13:19:11","slug":"paven-till-brandoffrens-familjer-tron-lyser-upp-de-morkaste-stunderna","status":"publish","type":"post","link":"https:\/\/www.europesays.com\/se\/137051\/","title":{"rendered":"P\u00e5ven till brandoffrens familjer: Tron lyser upp de m\u00f6rkaste stunderna"},"content":{"rendered":"<p>Torsdagen den 15 januari tog p\u00e5ven emot familjer till brandoffren i Crans-Montana<\/p>\n<p><b>Katarina Agorelius &#8211; Vatikanstaten<\/b><\/p>\n<p>P\u00e5ven Leo XIV tog p\u00e5 torsdagen den 15 januari emot familjerna till offren vid branden i Crans-Montana i Schweiz i audiens. Vid branden, som br\u00f6t ut i baren Le Constellation d\u00e4r unga och mycket unga firade ny\u00e5r, omkom 40 unga och \u00f6ver 100 skadades, m\u00e5nga allvarligt.<\/p>\n<p>Sv\u00e5rt att finna ord <\/p>\n<p>P\u00e5ven sade i sitt tal till offrens familjer att det \u00e4r sv\u00e5rt att finna ord i en tragedi som denna.<\/p>\n<p>Vad kan man s\u00e4ga i en s\u00e5dan situation? Hur ska man tolka s\u00e5dana h\u00e4ndelser? Var kan man finna tr\u00f6st som motsvarar det man k\u00e4nner, en tr\u00f6st som inte best\u00e5r av tomma och ytliga ord, utan som ber\u00f6r djupt och v\u00e4cker hopp? Det finns bara ett ord, br\u00f6der och systrar, som \u00e4r l\u00e4mpligt: det som Guds Son uttalade p\u00e5 korset \u2013 som \u00e4r s\u00e5 n\u00e4ra er idag \u2013 n\u00e4r han ur djupet av sin \u00f6vergivenhet och sin sm\u00e4rta ropade till Fadern: \u201dMin Gud, min Gud, varf\u00f6r har du \u00f6vergivit mig?\u201d (Matt 27:46).<\/p>\n<p>Kristi eviga ljus <\/p>\n<p>Herrens svar l\u00e4t v\u00e4nta p\u00e5 sig i tre dagar, f\u00f6rklarade p\u00e5ven, men vilket svar sedan! &#8221;Jesus uppst\u00e5r i h\u00e4rlighet och lever f\u00f6r evigt i p\u00e5skens gl\u00e4dje och eviga ljus&#8221;.<\/p>\n<p>Ert hopp \u00e4r inte f\u00f6rg\u00e4ves, f\u00f6r Kristus \u00e4r verkligen uppst\u00e5nden! Den heliga kyrkan \u00e4r vittne till detta och f\u00f6rkunnar det med visshet. Den helige Paulus, som hade sett honom levande, sade till de kristna i Korint: \u201dOm vi har satt v\u00e5rt hopp till Kristus bara f\u00f6r detta liv, \u00e4r vi de mest beklagansv\u00e4rda av alla m\u00e4nniskor. Men nej! Kristus har uppst\u00e5tt fr\u00e5n de d\u00f6da, han som var den f\u00f6rste att uppst\u00e5 bland dem som har somnat in\u201d (1 Kor 15:19\u201320).<\/p>\n<p>Guds k\u00e4rlek <\/p>\n<p>P\u00e5ven p\u00e5minde de s\u00f6rjande, med h\u00e4nvisning till Romarbrevet 8:35, att inget kan skilja oss fr\u00e5n Guds k\u00e4rlek.<\/p>\n<p>Den tro som bor i oss lyser upp de m\u00f6rkaste och sm\u00e4rtsammaste stunderna i v\u00e5rt liv med ett ov\u00e4rderligt ljus, som hj\u00e4lper oss att modigt forts\u00e4tta v\u00e5r vandring mot m\u00e5let. Jesus g\u00e5r f\u00f6re oss p\u00e5 denna v\u00e4g av d\u00f6d och uppst\u00e5ndelse, som kr\u00e4ver t\u00e5lamod och uth\u00e5llighet. Var f\u00f6rvissade om hans n\u00e4rhet och \u00f6mhet: Han \u00e4r inte l\u00e5ngt borta fr\u00e5n det ni upplever, tv\u00e4rtom, han delar det med er och b\u00e4r det med er. P\u00e5 samma s\u00e4tt b\u00e4r hela Kyrkan det med er. Var f\u00f6rvissade om hennes b\u00f6n \u2013 och min personliga b\u00f6n \u2013 f\u00f6r era avlidnas vila, f\u00f6r tr\u00f6st f\u00f6r dem ni \u00e4lskar och som lider, och f\u00f6r er sj\u00e4lva som f\u00f6ljer dem med er \u00f6mhet och k\u00e4rlek.<\/p>\n<p>V\u00e5r Fru av de sju sm\u00e4rtorna <\/p>\n<p>Ert hj\u00e4rta \u00e4r idag krossat, precis som Marias vid korsets fot, sade p\u00e5ven avslutningsvis och anf\u00f6rtrodde de s\u00f6rjande familjerna till V\u00e5r Fru av de sju sm\u00e4rtorna, som han sade st\u00e5r dem n\u00e4ra nu.<\/p>\n<p>V\u00e4nd er helt och h\u00e5llet till henne med era t\u00e5rar och s\u00f6k hos henne den moderliga tr\u00f6st som hon kan ge er. Liksom hon kommer ni att kunna v\u00e4nta t\u00e5lmodigt, i lidandets natt men med troens visshet, p\u00e5 att en ny dag ska gry, och ni kommer att finna gl\u00e4djen igen.Som ett tecken p\u00e5 tr\u00f6st ger jag var och en av er, liksom alla era k\u00e4ra som lider, den apostoliska v\u00e4lsignelsen.<\/p>\n","protected":false},"excerpt":{"rendered":"Torsdagen den 15 januari tog p\u00e5ven emot familjer till brandoffren i Crans-Montana Katarina Agorelius &#8211; Vatikanstaten P\u00e5ven Leo&hellip;\n","protected":false},"author":2,"featured_media":137052,"comment_status":"","ping_status":"","sticky":false,"template":"","format":"standard","meta":{"footnotes":""},"categories":[14],"tags":[22,23,26,27,17,21,24,25,28,29,15,16,18,34,31,33,32,30,19,20,51,52,53,54],"class_list":{"0":"post-137051","1":"post","2":"type-post","3":"status-publish","4":"format-standard","5":"has-post-thumbnail","7":"category-varlden","8":"tag-breaking-news","9":"tag-breakingnews","10":"tag-featured-news","11":"tag-featurednews","12":"tag-headlines","13":"tag-huvudnyheter","14":"tag-latest-news","15":"tag-latestnews","16":"tag-main-news","17":"tag-mainnews","18":"tag-news","19":"tag-nyheter","20":"tag-rubriker","21":"tag-se","22":"tag-svenska","23":"tag-sverige","24":"tag-sweden","25":"tag-swedish","26":"tag-top-stories","27":"tag-topstories","28":"tag-varlden","29":"tag-world","30":"tag-world-news","31":"tag-worldnews"},"share_on_mastodon":{"url":"https:\/\/pubeurope.com\/@se\/115899319319237622","error":""},"_links":{"self":[{"href":"https:\/\/www.europesays.com\/se\/wp-json\/wp\/v2\/posts\/137051","targetHints":{"allow":["GET"]}}],"collection":[{"href":"https:\/\/www.europesays.com\/se\/wp-json\/wp\/v2\/posts"}],"about":[{"href":"https:\/\/www.europesays.com\/se\/wp-json\/wp\/v2\/types\/post"}],"author":[{"embeddable":true,"href":"https:\/\/www.europesays.com\/se\/wp-json\/wp\/v2\/users\/2"}],"replies":[{"embeddable":true,"href":"https:\/\/www.europesays.com\/se\/wp-json\/wp\/v2\/comments?post=137051"}],"version-history":[{"count":0,"href":"https:\/\/www.europesays.com\/se\/wp-json\/wp\/v2\/posts\/137051\/revisions"}],"wp:featuredmedia":[{"embeddable":true,"href":"https:\/\/www.europesays.com\/se\/wp-json\/wp\/v2\/media\/137052"}],"wp:attachment":[{"href":"https:\/\/www.europesays.com\/se\/wp-json\/wp\/v2\/media?parent=137051"}],"wp:term":[{"taxonomy":"category","embeddable":true,"href":"https:\/\/www.europesays.com\/se\/wp-json\/wp\/v2\/categories?post=137051"},{"taxonomy":"post_tag","embeddable":true,"href":"https:\/\/www.europesays.com\/se\/wp-json\/wp\/v2\/tags?post=137051"}],"curies":[{"name":"wp","href":"https:\/\/api.w.org\/{rel}","templated":true}]}}