{"id":137053,"date":"2026-01-15T13:20:19","date_gmt":"2026-01-15T13:20:19","guid":{"rendered":"https:\/\/www.europesays.com\/se\/137053\/"},"modified":"2026-01-15T13:20:19","modified_gmt":"2026-01-15T13:20:19","slug":"jimmie-akesson-om-rattfyllerimisstankarna-mot-katja-nyberg","status":"publish","type":"post","link":"https:\/\/www.europesays.com\/se\/137053\/","title":{"rendered":"Jimmie \u00c5kesson om rattfyllerimisstankarna mot Katja Nyberg"},"content":{"rendered":"<p>Publicerad 14 jan 2026 kl 18.13<\/p>\n<p>SD-toppen Katja Nyberg utreds f\u00f6r rattfylleri och narkotikabrott.<\/p>\n<p>Nu uttalar sig SD-ledaren Jimmie \u00c5kesson.<\/p>\n<p>\u2013 Det \u00e4r klart att om man d\u00f6ms f\u00f6r brott ska man inte sitta i riksdagen f\u00f6r Sverigedemokraterna, s\u00e4ger han.<\/p>\n<p>Senaste nyhetsklippen fr\u00e5n Expressen.<img   alt=\"\"\/><\/p>\n<p>SD-ledamoten Katja Nyberg utreds f\u00f6r rattfylleri och narkotikabrott.<\/p>\n<p>Foto: SVEN LINDWALL<\/p>\n<p>\u00d6ppna bild i helsk\u00e4rm<img loading=\"lazy\"   alt=\"\"\/><\/p>\n<p>SD-ledaren Jimmie \u00c5kesson.<\/p>\n<p>Foto: SVEN LINDWALL<\/p>\n<p>\u00d6ppna bild i helsk\u00e4rm<\/p>\n<p>Katja Nyberg \u00e4r riksdagsledamot och sitter i justitieutskottet f\u00f6r Sverigedemokraterna.<\/p>\n<p>Hon<a href=\"https:\/\/www.expressen.se\/nyheter\/sverige\/sd-ledamoten-katja-nyberg-misstanks-for-rattfylleri\/\" rel=\"nofollow noopener\" target=\"_blank\"> utreds nu f\u00f6r rattfylleri och narkotikabrott<\/a> efter att ha kontrollerats av polis i samband med en olycka i mellandagarna.<\/p>\n<p>Sj\u00e4lv har hon tillbakavisat det hela och sagt att hon inte bl\u00e5st positivt f\u00f6r alkohol och d\u00e4rf\u00f6r tagit del av rapporteringen med \u201dstor f\u00f6rv\u00e5ning\u201d.<\/p>\n<p>SD-ledaren <a href=\"https:\/\/www.expressen.se\/tagg\/person\/jimmie-akesson\/\" class=\"\" rel=\"nofollow noopener\" target=\"_blank\">Jimmie \u00c5kesson<\/a> har tidigare inte uttalat sig om h\u00e4ndelsen.<\/p>\n<p>Men i samband med riksdagens partiledardebatt p\u00e5 onsdagen s\u00e4ger han att hon kan tvingas avg\u00e5 \u2013 om det visar sig att hon \u00e4r skyldig till brottet.<\/p>\n<p>\u2013 Det \u00e4r klart att i allm\u00e4nhet om man d\u00f6ms f\u00f6r brott ska man inte sitta i riksdagen f\u00f6r Sverigedemokraterna. Men d\u00e4r \u00e4r vi inte \u00e4n, s\u00e4ger han.<\/p>\n<p>Han s\u00e4ger sig inte vilja \u201dspekulera\u201d om fallet.<\/p>\n<p>\u2013 Det viktiga \u00e4r att man inv\u00e4ntar fakta s\u00e5 f\u00e5r man f\u00f6rh\u00e5lla sig till det, s\u00e4ger \u00c5kesson.<\/p>\n<p>Han har inte sj\u00e4lv pratat med Katja Nyberg.<\/p>\n<p>\u2013 Nej, jag har inte haft den m\u00f6jligheten. Utan det \u00e4r gruppledningen som har den kontakten, s\u00e4ger han.<\/p>\n<p><strong>L\u00c4S MER: <\/strong><a href=\"https:\/\/www.expressen.se\/nyheter\/politik\/sd-toppen-katja-nybergs-snabbtest-visade-pa-knark\/\" class=\"\" rel=\"nofollow noopener\" target=\"_blank\">Katja Nyberg (SD) gjorde snabbtest  \u2013 visade p\u00e5 knark<\/a><strong>L\u00c4S MER: <\/strong><a href=\"https:\/\/www.expressen.se\/nyheter\/sverige\/aklagaren-nyberg-hade-med-sig-handvaskan-in-pa-polisstationen\/\" class=\"\" rel=\"nofollow noopener\" target=\"_blank\">\u00c5klagaren: Nyberg hade med sig handv\u00e4skan in p\u00e5 polisstationen<\/a><\/p>\n","protected":false},"excerpt":{"rendered":"Publicerad 14 jan 2026 kl 18.13 SD-toppen Katja Nyberg utreds f\u00f6r rattfylleri och narkotikabrott. Nu uttalar sig SD-ledaren&hellip;\n","protected":false},"author":2,"featured_media":137054,"comment_status":"","ping_status":"","sticky":false,"template":"","format":"standard","meta":{"footnotes":""},"categories":[12],"tags":[22,23,26,27,17,21,24,25,28,29,15,16,38,944,13413,18,34,583,31,33,32,30,19,152,20],"class_list":{"0":"post-137053","1":"post","2":"type-post","3":"status-publish","4":"format-standard","5":"has-post-thumbnail","7":"category-sverige","8":"tag-breaking-news","9":"tag-breakingnews","10":"tag-featured-news","11":"tag-featurednews","12":"tag-headlines","13":"tag-huvudnyheter","14":"tag-latest-news","15":"tag-latestnews","16":"tag-main-news","17":"tag-mainnews","18":"tag-news","19":"tag-nyheter","20":"tag-organization-sverigedemokraterna","21":"tag-person-jimmie-akesson","22":"tag-person-katja-nyberg","23":"tag-rubriker","24":"tag-se","25":"tag-sections-politik","26":"tag-svenska","27":"tag-sverige","28":"tag-sweden","29":"tag-swedish","30":"tag-top-stories","31":"tag-topic-inrikespolitik","32":"tag-topstories"},"share_on_mastodon":{"url":"https:\/\/pubeurope.com\/@se\/115899323167495599","error":""},"_links":{"self":[{"href":"https:\/\/www.europesays.com\/se\/wp-json\/wp\/v2\/posts\/137053","targetHints":{"allow":["GET"]}}],"collection":[{"href":"https:\/\/www.europesays.com\/se\/wp-json\/wp\/v2\/posts"}],"about":[{"href":"https:\/\/www.europesays.com\/se\/wp-json\/wp\/v2\/types\/post"}],"author":[{"embeddable":true,"href":"https:\/\/www.europesays.com\/se\/wp-json\/wp\/v2\/users\/2"}],"replies":[{"embeddable":true,"href":"https:\/\/www.europesays.com\/se\/wp-json\/wp\/v2\/comments?post=137053"}],"version-history":[{"count":0,"href":"https:\/\/www.europesays.com\/se\/wp-json\/wp\/v2\/posts\/137053\/revisions"}],"wp:featuredmedia":[{"embeddable":true,"href":"https:\/\/www.europesays.com\/se\/wp-json\/wp\/v2\/media\/137054"}],"wp:attachment":[{"href":"https:\/\/www.europesays.com\/se\/wp-json\/wp\/v2\/media?parent=137053"}],"wp:term":[{"taxonomy":"category","embeddable":true,"href":"https:\/\/www.europesays.com\/se\/wp-json\/wp\/v2\/categories?post=137053"},{"taxonomy":"post_tag","embeddable":true,"href":"https:\/\/www.europesays.com\/se\/wp-json\/wp\/v2\/tags?post=137053"}],"curies":[{"name":"wp","href":"https:\/\/api.w.org\/{rel}","templated":true}]}}