{"id":137057,"date":"2026-01-15T13:23:08","date_gmt":"2026-01-15T13:23:08","guid":{"rendered":"https:\/\/www.europesays.com\/se\/137057\/"},"modified":"2026-01-15T13:23:08","modified_gmt":"2026-01-15T13:23:08","slug":"forre-malvakten-i-vimmerby-hockey-klar-for-ny-klubb","status":"publish","type":"post","link":"https:\/\/www.europesays.com\/se\/137057\/","title":{"rendered":"F\u00f6rre m\u00e5lvakten i Vimmerby Hockey klar f\u00f6r ny klubb"},"content":{"rendered":"<p>V\u00e4ntan har varit l\u00e5ng. \u00a0 \u00a0<\/p>\n<p>Nu \u00e4r den \u00f6ver. \u00a0 \u00a0 \u00a0<\/p>\n<p>Vimmerby Tidning tr\u00e4ffade Claes Endre p\u00e5 ett caf\u00e9 i stan, d\u00e4r han fikade och tog avsked fr\u00e5n n\u00e5gra v\u00e4nner.\u00a0<\/p>\n<p><strong>N\u00e4r \u00e5ker du?<\/strong><\/p>\n<p>\u2013 Redan ikv\u00e4ll. Det ska bli sjukt sp\u00e4nnande och det j\u00e4kligt bra att f\u00e5 den h\u00e4r chansen. Det varit lite tr\u00e5kigt att bara vara p\u00e5 gymmet och tr\u00e4na utan att f\u00e5 spela. Jag har faktiskt k\u00e4nt att det varit sv\u00e5rt att motivera mig nu p\u00e5 slutet.\u00a0<\/p>\n<p>Trots att 30-\u00e5ringen blev ratad av Vimmerby Hockey inf\u00f6r nuvarande s\u00e4song, har han st\u00e4llt upp och st\u00f6ttat klubben sedan Robin Christoffersson kallades tillbaka till Leksand. Nu kan han koncentrera sig fullt ut p\u00e5 ligaspel i Italien. \u00a0 \u00a0 \u00a0 \u00a0<\/p>\n<p>\u2013 Det ska bli otroligt kul att spela ishockey igen. Det enda jobbiga \u00e4r familjebiten eftersom jag \u00e5ker dit sj\u00e4lv. Men det var aldrig n\u00e5got snack, b\u00e5de jag och min fru var \u00f6verens om vi skulle tacka ja, s\u00e4ger han vidare till DV. \u00a0 \u00a0<\/p>\n<p>D\u00e4r framg\u00e5r \u00e4ven att kontraktet \u00e4r skrivet till den sista februari, d\u00e4r det sedan v\u00e4ntar slutspel. \u00a0 \u00a0<\/p>\n<p>HC Gherd\u00ebina har sin hemvist i skidmeckat Val Gardena. Klubben spelar allts\u00e5 i Alpligan, med 13 lag fr\u00e5n fyra olika l\u00e4nder. Ut\u00f6ver Italien \u00e4ven \u00d6sterrike, Slovenien och Kroatien. Ghard\u00ebina ligger nia i tabellen av 13 deltagande lag och truppen domineras av spelare fr\u00e5n Italien, men h\u00e4r finns \u00e4ven spelare fr\u00e5n Kanada, Ryssland och Tjeckien. Och numera \u00e4ven en svensk, m\u00e5lvakten Claes Endre. \u00a0 \u00a0<\/p>\n","protected":false},"excerpt":{"rendered":"V\u00e4ntan har varit l\u00e5ng. \u00a0 \u00a0 Nu \u00e4r den \u00f6ver. \u00a0 \u00a0 \u00a0 Vimmerby Tidning tr\u00e4ffade Claes Endre&hellip;\n","protected":false},"author":2,"featured_media":137058,"comment_status":"","ping_status":"","sticky":false,"template":"","format":"standard","meta":{"footnotes":""},"categories":[68],"tags":[34,111,110,31,33,32,30],"class_list":{"0":"post-137057","1":"post","2":"type-post","3":"status-publish","4":"format-standard","5":"has-post-thumbnail","7":"category-sport","8":"tag-se","9":"tag-sport","10":"tag-sports","11":"tag-svenska","12":"tag-sverige","13":"tag-sweden","14":"tag-swedish"},"share_on_mastodon":{"url":"https:\/\/pubeurope.com\/@se\/115899335014643480","error":""},"_links":{"self":[{"href":"https:\/\/www.europesays.com\/se\/wp-json\/wp\/v2\/posts\/137057","targetHints":{"allow":["GET"]}}],"collection":[{"href":"https:\/\/www.europesays.com\/se\/wp-json\/wp\/v2\/posts"}],"about":[{"href":"https:\/\/www.europesays.com\/se\/wp-json\/wp\/v2\/types\/post"}],"author":[{"embeddable":true,"href":"https:\/\/www.europesays.com\/se\/wp-json\/wp\/v2\/users\/2"}],"replies":[{"embeddable":true,"href":"https:\/\/www.europesays.com\/se\/wp-json\/wp\/v2\/comments?post=137057"}],"version-history":[{"count":0,"href":"https:\/\/www.europesays.com\/se\/wp-json\/wp\/v2\/posts\/137057\/revisions"}],"wp:featuredmedia":[{"embeddable":true,"href":"https:\/\/www.europesays.com\/se\/wp-json\/wp\/v2\/media\/137058"}],"wp:attachment":[{"href":"https:\/\/www.europesays.com\/se\/wp-json\/wp\/v2\/media?parent=137057"}],"wp:term":[{"taxonomy":"category","embeddable":true,"href":"https:\/\/www.europesays.com\/se\/wp-json\/wp\/v2\/categories?post=137057"},{"taxonomy":"post_tag","embeddable":true,"href":"https:\/\/www.europesays.com\/se\/wp-json\/wp\/v2\/tags?post=137057"}],"curies":[{"name":"wp","href":"https:\/\/api.w.org\/{rel}","templated":true}]}}