{"id":137061,"date":"2026-01-15T13:26:09","date_gmt":"2026-01-15T13:26:09","guid":{"rendered":"https:\/\/www.europesays.com\/se\/137061\/"},"modified":"2026-01-15T13:26:09","modified_gmt":"2026-01-15T13:26:09","slug":"professorn-om-kansliga-stodet-till-powell-ingen-normal-process","status":"publish","type":"post","link":"https:\/\/www.europesays.com\/se\/137061\/","title":{"rendered":"Professorn om k\u00e4nsliga st\u00f6det till Powell: \u201dIngen normal process\u201d"},"content":{"rendered":"<p class=\"\">N\u00e4r det p\u00e5 s\u00f6ndagskv\u00e4llen uppdagades att Federal Reserves ordf\u00f6rande Jerome Powell delgivits en st\u00e4mning i en brottsutredning r\u00f6rande renoveringar av Fed-byggnader, mobiliserade centralbanksv\u00e4rlden till st\u00f6d. St\u00e4mningen uppfattades som \u00e4nnu ett led i en kampanj d\u00e4r Trumpadministrationen anses f\u00f6rs\u00f6ka p\u00e5verka centralbankens r\u00e4ntes\u00e4ttning, som enligt etablerad praxis ska vara fri fr\u00e5n politisk inblandning.<\/p>\n<p class=\"\">I ett brev publicerat p\u00e5 tisdagen, signerat bland andra riksbankschefen Erik Thed\u00e9en och i Nya Zeeland nytilltr\u00e4dda f\u00f6re detta vice riksbankschefen Anna Breman, sl\u00f6t en rad centralbankschefer upp bakom Powell och visade sin fulla solidaritet.<\/p>\n<p class=\"\">&#8221;Det h\u00e4r \u00e4r en attack mot en person som f\u00f6rs\u00f6ker, likt jag och mina kollegor, uppr\u00e4tth\u00e5lla det uppdrag vi f\u00e5tt fr\u00e5n lagstiftarna. Och det \u00e4r det som \u00e4r det paradoxala h\u00e4r&#8221;, sa Erik Thed\u00e9en p\u00e5 tisdagskv\u00e4llen i Aktuellt.<\/p>\n<p>&#8221;Naturligt po\u00e4ngtera v\u00e4rdet av oberoende&#8221;<\/p>\n<p class=\"\">Trots att det kan anses problematiskt f\u00f6r de oberoende centralbankscheferna att sj\u00e4lvmant kliva in i vad som uppfattats som en politisk konflikt i ett annat land s\u00e5 anser Lars Calmfors, professor emeritus i internationell ekonomi vid IIES, att det var r\u00e4tt agerat. <\/p>\n<p class=\"\">\u2013 B\u00e5de politisk och ekonomisk debatt \u00e4r ju numera till stora delar global och b\u00f6r enligt min mening s\u00e5 vara. Och vad som h\u00e4nder med den amerikanska centralbankens oberoende har konsekvenser f\u00f6r v\u00e4rldsekonomin. Mot den bakgrunden tycker jag det \u00e4r naturligt och r\u00e4tt att andra centralbankschefer po\u00e4ngterar v\u00e4rdet av ett oberoende Fed, s\u00e4ger han till EFN.<\/p>\n<p><img alt=\"Lars Calmfors, nationalekonom samt professor eremitus i internationell ekonomi vid Stockholms universitet.\" loading=\"lazy\" width=\"1280\" height=\"720\" decoding=\"async\" data-nimg=\"1\" class=\"\" style=\"color:transparent\"   src=\"https:\/\/www.europesays.com\/se\/wp-content\/uploads\/2026\/01\/VnvZQvxMx0ynvQGaKt46YB8BqgJ7ae4GaXzApI1l.jpg\"\/>Professor Lars Calmfors menar att centralbankschefer i regel inte b\u00f6r ge synpunkter p\u00e5 &#8221;normala r\u00e4ttsprocesser&#8221;, men att det mesta nu talar f\u00f6r att st\u00e4mningen mot Fed-chefen Jerome Powell inte \u00e4r en s\u00e5dan.   Foto: TT Nyhetsbyr\u00e5n<\/p>\n<p class=\"\">\u2013 Sedan b\u00f6r de v\u00e4l i regel inte ge synpunkter p\u00e5 normala r\u00e4ttsprocesser, men h\u00e4r talar ju det mesta f\u00f6r att detta inte \u00e4r n\u00e5gon normal r\u00e4ttsprocess utan ett led i administrationens f\u00f6rs\u00f6k att inskr\u00e4nka Feds oberoende genom att visa att det kan f\u00e5 negativa personliga konsekvenser att inte dansa efter Trumps pipa. Det har ju ocks\u00e5 varit fr\u00e5ga om tidigare rent personliga p\u00e5hopp fr\u00e5n Trumps sida p\u00e5 Powell f\u00f6r hans inst\u00e4llning i fr\u00e5gan om styrr\u00e4ntan, till\u00e4gger han.<\/p>\n<p>Anna Breman fick kritik i Nya Zeeland <\/p>\n<p class=\"\">Anna Breman, som allts\u00e5 nyss tilltr\u00e4tt som chef \u00f6ver Royal Bank of New Zeeland (RBNZ)  fick i sin tur uppm\u00e4rksammad kritik fr\u00e5n Nya Zeelands utrikesminister, Winston Peters. <\/p>\n<p class=\"\">\u201dNya Zeelands centralbank \u00e4r f\u00f6rvisso sj\u00e4lvst\u00e4ndig fr\u00e5n regeringen i fr\u00e5ga om penningpolitik, men RBNZ har ingen roll att spela n\u00e4r det kommer till amerikansk inrikespolitik. Vi p\u00e5minner centralbankschefen om att stanna inom hennes nyzeel\u00e4ndska bana och om att h\u00e5lla sig till inhemsk penningpolitik. Om centralbankschefen hade st\u00e4llt fr\u00e5gan s\u00e5 hade detta varit r\u00e5det fr\u00e5n utrikes- och handelsdepartementet, men det gjorde hon inte\u201d, skrev Peters i ett inl\u00e4gg p\u00e5 mikrobloggen X.<\/p>\n<p class=\"\">Lars Calmfors lyfter att man kan diskutera vad effekten av centralbankschefernas brev faktiskt blir.<\/p>\n<p class=\"\">\u2013 \u00c5 ena sidan visar det amerikansk publik vilka bed\u00f6mningar som omv\u00e4rlden g\u00f6r. \u00c5 andra sidan kan Trump et consortes (och andra, reds. anm) f\u00f6rst\u00e5s anv\u00e4nda inl\u00e4gget som bevis p\u00e5 hur en internationell globalistisk elit l\u00e4gger sig i vad som \u00e4r b\u00e4st f\u00f6r USA. Jag skulle tro att den f\u00f6rsta effekten \u00e4r den viktigaste, men det \u00e4r f\u00f6rst\u00e5s sv\u00e5rt att veta, s\u00e4ger han till EFN.<\/p>\n","protected":false},"excerpt":{"rendered":"N\u00e4r det p\u00e5 s\u00f6ndagskv\u00e4llen uppdagades att Federal Reserves ordf\u00f6rande Jerome Powell delgivits en st\u00e4mning i en brottsutredning r\u00f6rande&hellip;\n","protected":false},"author":2,"featured_media":137062,"comment_status":"","ping_status":"","sticky":false,"template":"","format":"standard","meta":{"footnotes":""},"categories":[65],"tags":[72,70,71,34,31,33,32,30],"class_list":{"0":"post-137061","1":"post","2":"type-post","3":"status-publish","4":"format-standard","5":"has-post-thumbnail","7":"category-ekonomi","8":"tag-business","9":"tag-economy","10":"tag-ekonomi","11":"tag-se","12":"tag-svenska","13":"tag-sverige","14":"tag-sweden","15":"tag-swedish"},"share_on_mastodon":{"url":"https:\/\/pubeurope.com\/@se\/115899346752620958","error":""},"_links":{"self":[{"href":"https:\/\/www.europesays.com\/se\/wp-json\/wp\/v2\/posts\/137061","targetHints":{"allow":["GET"]}}],"collection":[{"href":"https:\/\/www.europesays.com\/se\/wp-json\/wp\/v2\/posts"}],"about":[{"href":"https:\/\/www.europesays.com\/se\/wp-json\/wp\/v2\/types\/post"}],"author":[{"embeddable":true,"href":"https:\/\/www.europesays.com\/se\/wp-json\/wp\/v2\/users\/2"}],"replies":[{"embeddable":true,"href":"https:\/\/www.europesays.com\/se\/wp-json\/wp\/v2\/comments?post=137061"}],"version-history":[{"count":0,"href":"https:\/\/www.europesays.com\/se\/wp-json\/wp\/v2\/posts\/137061\/revisions"}],"wp:featuredmedia":[{"embeddable":true,"href":"https:\/\/www.europesays.com\/se\/wp-json\/wp\/v2\/media\/137062"}],"wp:attachment":[{"href":"https:\/\/www.europesays.com\/se\/wp-json\/wp\/v2\/media?parent=137061"}],"wp:term":[{"taxonomy":"category","embeddable":true,"href":"https:\/\/www.europesays.com\/se\/wp-json\/wp\/v2\/categories?post=137061"},{"taxonomy":"post_tag","embeddable":true,"href":"https:\/\/www.europesays.com\/se\/wp-json\/wp\/v2\/tags?post=137061"}],"curies":[{"name":"wp","href":"https:\/\/api.w.org\/{rel}","templated":true}]}}