{"id":137068,"date":"2026-01-15T13:31:07","date_gmt":"2026-01-15T13:31:07","guid":{"rendered":"https:\/\/www.europesays.com\/se\/137068\/"},"modified":"2026-01-15T13:31:07","modified_gmt":"2026-01-15T13:31:07","slug":"supporterresa-till-stockholm-lordag-7-februari","status":"publish","type":"post","link":"https:\/\/www.europesays.com\/se\/137068\/","title":{"rendered":"Supporterresa till Stockholm l\u00f6rdag 7 februari"},"content":{"rendered":"<p class=\"p1\"><strong>Intresserad av att st\u00f6tta S\u00e4vehof p\u00e5 bortaplan? H\u00e4ng d\u00e5 med p\u00e5 s\u00e4songens f\u00f6rsta bussresa n\u00e4r vi kraftsamlar till dubbla S\u00e4vehofmatcher i Eriksdalshallen! L\u00f6rdag 7 februari bortaspelar damerna mot Skuru 13:00, f\u00f6ljt av herrarnas match mot Hammarby 17:00.<\/strong><\/p>\n<p>Vi har valt att kraftigt subventionera resan f\u00f6r att m\u00f6jligg\u00f6ra f\u00f6r s\u00e5 m\u00e5nga som m\u00f6jligt att kunna \u00e5ka med. F\u00f6r bara <strong>380 kronor\/person<\/strong> f\u00e5r du en plats p\u00e5 bussen och biljett till b\u00e5da matcherna. 40 anm\u00e4lningar kr\u00e4vs f\u00f6r att bussen ska rulla, och i dagsl\u00e4get \u00e4r 33 S\u00e4vehofare uppskrivna. Observera att antalet \u00e4r begr\u00e4nsat till 55 personer och att f\u00f6rst till kvarn g\u00e4ller.<\/p>\n<p><strong>S\u00e5 anm\u00e4ler du dig<br \/><\/strong>Kontakta Erik Carlsson p\u00e5 mejl, erik@savehof.se, f\u00f6r anm\u00e4lan. Betalning sker via swish till nummer: 123 106 89 98. Sista dag f\u00f6r anm\u00e4lan \u00e4r 29 januari.<\/p>\n<p class=\"p1\">V\u00e4nligen notera att vi \u00e5terkommer med mer detaljer avseende avg\u00e5ngstid och planerad hemkomst.<\/p>\n<p class=\"p1\">Ta chansen att spendera en heldag med S\u00e4vehof-familjen \u2013 det h\u00e4r blir n\u00e5got att minnas!<\/p>\n","protected":false},"excerpt":{"rendered":"Intresserad av att st\u00f6tta S\u00e4vehof p\u00e5 bortaplan? H\u00e4ng d\u00e5 med p\u00e5 s\u00e4songens f\u00f6rsta bussresa n\u00e4r vi kraftsamlar till&hellip;\n","protected":false},"author":2,"featured_media":137069,"comment_status":"","ping_status":"","sticky":false,"template":"","format":"standard","meta":{"footnotes":""},"categories":[68],"tags":[34,111,110,31,33,32,30],"class_list":{"0":"post-137068","1":"post","2":"type-post","3":"status-publish","4":"format-standard","5":"has-post-thumbnail","7":"category-sport","8":"tag-se","9":"tag-sport","10":"tag-sports","11":"tag-svenska","12":"tag-sverige","13":"tag-sweden","14":"tag-swedish"},"share_on_mastodon":{"url":"https:\/\/pubeurope.com\/@se\/115899366458518318","error":""},"_links":{"self":[{"href":"https:\/\/www.europesays.com\/se\/wp-json\/wp\/v2\/posts\/137068","targetHints":{"allow":["GET"]}}],"collection":[{"href":"https:\/\/www.europesays.com\/se\/wp-json\/wp\/v2\/posts"}],"about":[{"href":"https:\/\/www.europesays.com\/se\/wp-json\/wp\/v2\/types\/post"}],"author":[{"embeddable":true,"href":"https:\/\/www.europesays.com\/se\/wp-json\/wp\/v2\/users\/2"}],"replies":[{"embeddable":true,"href":"https:\/\/www.europesays.com\/se\/wp-json\/wp\/v2\/comments?post=137068"}],"version-history":[{"count":0,"href":"https:\/\/www.europesays.com\/se\/wp-json\/wp\/v2\/posts\/137068\/revisions"}],"wp:featuredmedia":[{"embeddable":true,"href":"https:\/\/www.europesays.com\/se\/wp-json\/wp\/v2\/media\/137069"}],"wp:attachment":[{"href":"https:\/\/www.europesays.com\/se\/wp-json\/wp\/v2\/media?parent=137068"}],"wp:term":[{"taxonomy":"category","embeddable":true,"href":"https:\/\/www.europesays.com\/se\/wp-json\/wp\/v2\/categories?post=137068"},{"taxonomy":"post_tag","embeddable":true,"href":"https:\/\/www.europesays.com\/se\/wp-json\/wp\/v2\/tags?post=137068"}],"curies":[{"name":"wp","href":"https:\/\/api.w.org\/{rel}","templated":true}]}}