{"id":137075,"date":"2026-01-15T13:36:16","date_gmt":"2026-01-15T13:36:16","guid":{"rendered":"https:\/\/www.europesays.com\/se\/137075\/"},"modified":"2026-01-15T13:36:16","modified_gmt":"2026-01-15T13:36:16","slug":"de-vet-inte-hur-det-ar-att-inte-fa-lon-arbetet","status":"publish","type":"post","link":"https:\/\/www.europesays.com\/se\/137075\/","title":{"rendered":"\u201dDe vet inte hur det \u00e4r att inte f\u00e5 l\u00f6n\u201d \u2013 Arbetet"},"content":{"rendered":"<p>Runt tio minuter av den totalt tre timmar l\u00e5nga partiledardebatten under onsdagskv\u00e4llen handlade om arbetsl\u00f6sheten, visar Arbetets analys. <\/p>\n<p>\u2013 Jag f\u00f6rst\u00e5r inte varf\u00f6r partiledarna inte pratade mer om det, s\u00e4ger arbetsl\u00f6sa Jessica Axelsson som kollade p\u00e5 debatten p\u00e5 plats i riksdagen under onsdagskv\u00e4llen.\u00a0<\/p>\n<p><a href=\"https:\/\/arbetet.se\/2026\/01\/07\/jessica-50-ar-arbetslos-hej-statsminister-ulf-kristersson\/\" data-type=\"link\" data-id=\"https:\/\/arbetet.se\/2026\/01\/07\/jessica-50-ar-arbetslos-hej-statsminister-ulf-kristersson\/\" rel=\"nofollow noopener\" target=\"_blank\">Arbetet har tidigare skrivit om att hon har s\u00f6kt jobb hos statsministern Ulf Kristersson (M) <\/a>f\u00f6r att visa hur verkligheten ser ut f\u00f6r en arbetsl\u00f6s, ensamst\u00e5ende mamma.\u00a0<\/p>\n<p>\u2013 Jag tycker inte att de tog upp de riktiga problemen med arbetsl\u00f6sheten. Det konstaterades bara att det var m\u00e5nga som var arbetsl\u00f6sa. Ingen gav n\u00e5got direkt svar p\u00e5 vad man skulle g\u00f6ra \u00e5t saken, s\u00e4ger Jessica Axelsson.\u00a0<\/p>\n<p>\u2013 De vet inte hur det \u00e4r att inte f\u00e5 en l\u00f6n p\u00e5 kontot varje m\u00e5nad. Jag blir arg. <\/p>\n<ul class=\"ContentItemList-items\">\n<p>\t\t\t\t\t<a href=\"https:\/\/arbetet.se\/2026\/01\/07\/jessica-50-ar-arbetslos-hej-statsminister-ulf-kristersson\/\" class=\"Teaser Teaser--listItem Teaser--horizontal Teaser--mediaLeft Teaser--longform Teaser--post\" data-action=\"event#click\" data-content-item-id=\"1444664\" data-content-item-type=\"post\" data-content-item-variant=\"longform\" data-event-name=\"teaser_click\" data-event-data=\"{&quot;includeContentItemData&quot;:true}\" data-content-item-category=\"Nyheter\" data-content-item-author=\"Tora Villanueva Gran\" rel=\"nofollow noopener\" target=\"_blank\"><\/p>\n<p>\t\t\t\tJessica, 50, \u00e4r arbetsl\u00f6s \u2013 s\u00f6kte jobb hos statsministern<\/p>\n<p><\/a><\/p>\n<\/ul>\n<p>\u201dMassarbetsl\u00f6shet\u201d n\u00e4mndes <\/p>\n<p>Att hundratusentals svenskar \u00e4r arbetsl\u00f6sa n\u00e4mndes samtidigt av samtliga partiledare inom oppositionen under debatten.\u00a0<\/p>\n<p>\u201dSaknad tillv\u00e4xtagenda har lett till katastrofala resultat.\u00a0Massarbetsl\u00f6shet.\u00a0Hundratusen fler arbetsl\u00f6sa\u201d, sa Magdalena Andersson (S).\u00a0<\/p>\n<p>\u201dAlla ska ha ett jobb att g\u00e5 till.\u00a0Idag har vi massarbetsl\u00f6shet i Sverige.\u00a0En ny regering kommer att satsa p\u00e5 Sverige\u201d, lovade Nooshi Dadgostar (V).\u00a0<\/p>\n<p>\u201dVi ser en massarbetsl\u00f6shet, alltmedan regeringen f\u00f6rsvagar trygghetssystemen och prioriterar skattes\u00e4nkningar f\u00f6r de rikaste framf\u00f6r v\u00e4lf\u00e4rden\u201d, sa Amanda Lind (MP).<\/p>\n<p>C-ledaren sa mest<\/p>\n<p>\u201dOm vi bara kunde n\u00e5 h\u00e4lften av EU-snittet i arbetsl\u00f6shet\u00a0d\u00e5 skulle statskassan ha ungef\u00e4r 45 miljarder mer. Det motsvarar 55 000 sjuksk\u00f6terskor eller l\u00e4rare\u201d, sa\u00a0 Elisabeth Thand Ringqvist (C) som var partiledaren som gav mest uppm\u00e4rksamhet \u00e5t arbetsl\u00f6sheten under debatten.\u00a0<\/p>\n<p>Hon fokuserade p\u00e5 att arbetsl\u00f6sheten bland h\u00f6gutbildade \u00e4r h\u00f6g, och n\u00e4mnde bland annat att arbetsl\u00f6sheten bland akademiker som \u00e4r med i Akademikernas a-kassa \u00e4r den h\u00f6gsta p\u00e5 20 \u00e5r. <\/p>\n<p>\u201dVilket ansvar tar statsministern f\u00f6r att m\u00e4nniskor som gjort allt r\u00e4tt \u00e4nd\u00e5 just nu st\u00e5r utan jobb?\u201d ville hon veta av Ulf Kristersson.<\/p>\n<p>Svaret: Bek\u00e4mpat inflationen<\/p>\n<p>Statsministern svarade att regeringen tagit tag i den \u201dstrukturella arbetsl\u00f6sheten\u201d genom att strama \u00e5t migrationspolitiken. Den \u201dkonjunkturella arbetsl\u00f6sheten\u201d har regeringen f\u00f6rs\u00f6kt motverka genom att bek\u00e4mpa inflationen, menade han.\u00a0<\/p>\n<p><a href=\"https:\/\/arbetet.se\/2025\/09\/10\/regeringen-sanker-arbetsgivaravgifter-for-unga-facket-gar-till-vinst-for-foretagen\/\" data-type=\"link\" data-id=\"https:\/\/arbetet.se\/2025\/09\/10\/regeringen-sanker-arbetsgivaravgifter-for-unga-facket-gar-till-vinst-for-foretagen\/\" rel=\"nofollow noopener\" target=\"_blank\">Tid\u00f6partierna har tillf\u00e4lligt s\u00e4nkt arbetsgivaravgiften f\u00f6r unga<\/a> i hopp om att skapa fler jobb. Centerpartiet vill att f\u00f6r\u00e4ndringen ska inf\u00f6ras permanent och omfatta \u00e4ven l\u00e5ngtidsarbetsl\u00f6sa.\u00a0<\/p>\n<p>Jessica Axelsson k\u00e4nner sig frustrerad \u00f6ver att arbetsl\u00f6sa inte fick ta mer utrymme i debatten.\u00a0<\/p>\n<p>\u2013 Arbetsl\u00f6sheten \u00e4r ett v\u00e4ldigt stort problem i Sverige i dag. Vi \u00e4r v\u00e4ldigt m\u00e5nga som inte f\u00e5r tillr\u00e4cklig ers\u00e4ttning f\u00f6r att kunna betala r\u00e4kningar, kunna k\u00f6pa kl\u00e4der till sina barn och kunna k\u00f6pa god mat att s\u00e4tta p\u00e5 bordet. <\/p>\n<p>\t\t\t\t<img alt=\"Tv\u00e5 kvinnor st\u00e5r utomhus i vinterkl\u00e4der, den ena h\u00e5ller papper. De samtalar framf\u00f6r en byggnad med sn\u00f6 p\u00e5 marken.\" class=\"MediaWrapper-content BodyImage-imageObject\" src=\"https:\/\/www.europesays.com\/se\/wp-content\/uploads\/2026\/01\/jessica-axelsson-magdalena-andersson.jpg\" data-lazy-load-target=\"content\" width=\"1060\" height=\"706\" loading=\"lazy\" decoding=\"async\" fetchpriority=\"auto\"\/><\/p>\n<p>\n\t\t\t\t\tJessica Axelsson hoppas att Magdalena Andersson (S) ger hennes ans\u00f6kan till statsminister Ulf Kristersson (M).<br \/>\n\t\t\t\t\t\t\tFoto: Ronja de Boer\n\t\t\t\t\t\t\t\t\t<\/p>\n<p>Gav ans\u00f6kan till Magdalena Andersson<\/p>\n<p>Jessica Axelsson tog med sig sin jobbans\u00f6kan till statsministern till partiledardebatten. Hon lyckades inte \u00f6verl\u00e4mna ett exemplar till Ulf Kristersson (M). D\u00e4remot st\u00f6tte hon p\u00e5 Magdalena Andersson (S), och nu hoppas hon att Socialdemokraternas partiledare ska ge hennes ans\u00f6kan till Ulf Kristersson.<\/p>\n<p>\u2013 Jag hoppas att han l\u00e4ser brevet och att jag f\u00e5r prata med honom och ber\u00e4tta hur verkligheten ser ut, s\u00e4ger Jessica Axelsson.\u00a0<\/p>\n<p>Fr\u00e5gorna det pratades mest om<\/p>\n<p>Arbetsl\u00f6sheten hamnade p\u00e5 sj\u00e4tte plats av \u00e4mnen som diskuterades mest under partiledardebatten, med cirka tio minuter. Det visar den analys som Arbetet l\u00e5tit en AI-tj\u00e4nst genomf\u00f6ra.<\/p>\n<p>S\u00e5 h\u00e4r anv\u00e4ndes talartiden.<\/p>\n<ul>\n<li>Ekonomi, levnadskostnader och social r\u00e4ttvisa, 45\u201350 minuter<\/li>\n<li>Kriminalitet och inre\/yttre s\u00e4kerhet, 35\u201340 minuter<\/li>\n<li>Sjukv\u00e5rd och v\u00e4lf\u00e4rd, 25\u201330 minuter<\/li>\n<li>Klimat och milj\u00f6, 20\u201325 minuter<\/li>\n<li>Utrikespolitik och internationella kriser, 15 minuter<\/li>\n<li>Arbetsl\u00f6shet, 10\u201311 min<\/li>\n<\/ul>\n<p>\t\t\t\t\t\t\t\t\t\tDet sa partiledarna om arbetsl\u00f6sheten<\/p>\n<p>Arbetet har l\u00e5tit en AI-tj\u00e4nst analysera partiledardebatten f\u00f6r att sammanfatta vad som sades om arbetsl\u00f6shet.<\/p>\n<p><strong>M: Handlar i f\u00f6rsta hand om m\u00e4nniskor som inte har svenska som modersm\u00e5l<\/strong><br \/>Statsminister Ulf Kristersson (M) skiljer mellan tv\u00e5 typer av arbetsl\u00f6shet: strukturell och konjunkturell. Den strukturella arbetsl\u00f6sheten, som han anser vara det mest allvarliga problemet, beror p\u00e5 en f\u00f6r h\u00f6g invandring under l\u00e5ng tid och omfattar personer som saknar utbildning och spr\u00e5kkunskaper. Den konjunkturella arbetsl\u00f6sheten m\u00f6ter regeringen genom att bek\u00e4mpa inflationen f\u00f6r att f\u00e5 i g\u00e5ng hjulen i n\u00e4ringslivet igen. Han lyfter \u00e4ven fram tillf\u00e4lliga s\u00e4nkningar av arbetsgivaravgifter f\u00f6r unga som en viktig insats.<\/p>\n<p><strong>S: Tid\u00f6partiernas politik har lett till massarbetsl\u00f6shet<\/strong><br \/>Magdalena Andersson (S) riktar skarp kritik mot regeringen och h\u00e4vdar att deras politik har lett till massarbetsl\u00f6shet med hundratusen fler arbetsl\u00f6sa. Hon betonar att Sverige beh\u00f6ver en ny riktning d\u00e4r fler f\u00e5r jobb och d\u00e4r tillv\u00e4xt leder till h\u00f6gre l\u00f6ner. I st\u00e4llet f\u00f6r s\u00e4nkta arbetsgivaravgifter f\u00f6respr\u00e5kar hon ett jobbkontrakt f\u00f6r unga f\u00f6r att f\u00f6rhindra att unga m\u00e4nniskor fastnar i l\u00e5ngtidsarbetsl\u00f6shet. Hon kritiserar \u00e4ven vad hon ser som f\u00f6rs\u00e4mringar i a-kassan.<\/p>\n<p><strong>C: Bl\u00e5ser kalla vindar p\u00e5 den svenska arbetsmarknaden<\/strong><br \/>Elisabeth Thand Ringqvist (C) p\u00e5pekar att en halv miljon m\u00e4nniskor \u00e4r arbetsl\u00f6sa i Sverige, vilket hon beskriver som kalla vindar p\u00e5 arbetsmarknaden. Hon lyfter s\u00e4rskilt fram att arbetsl\u00f6sheten nu drabbar h\u00f6gutbildade akademiker och erfarna chefer, inte bara de med bristande spr\u00e5kkunskaper. Hon menar att l\u00f6sningen finns i sm\u00e5 och v\u00e4xande f\u00f6retag, och att politiken m\u00e5ste s\u00e4nka kostnaderna f\u00f6r att anst\u00e4lla, minska kr\u00e5ngel och se till att f\u00f6retag hittar r\u00e4tt kompetens.<\/p>\n<p><strong>V: I dag har vi massarbetsl\u00f6shet i Sverige<\/strong><br \/>Nooshi Dadgostar (V) konstaterar att Sverige i dag har massarbetsl\u00f6shet och att stora investeringar i att bygga ut landet beh\u00f6vs f\u00f6r att skapa jobb. Hon kritiserar tanken p\u00e5 att rikedom hos miljard\u00e4rer skulle leda till jobb och menar att klyftorna i samh\u00e4llet g\u00f6r det sv\u00e5rare att bek\u00e4mpa arbetsl\u00f6sheten. Hon vill i st\u00e4llet satsa p\u00e5 \u201driktiga jobb\u201d inom v\u00e4lf\u00e4rd och infrastruktur f\u00f6r att f\u00e5 samh\u00e4llet att fungera.<\/p>\n<p><strong>MP: Framtidens jobb skapas inom den gr\u00f6na omst\u00e4llningen<\/strong><br \/>Amanda Lind (MP) anklagar regeringen f\u00f6r att prioritera skattes\u00e4nkningar f\u00f6r rika framf\u00f6r v\u00e4lf\u00e4rd samtidigt som landet befinner sig i massarbetsl\u00f6shet. Hon argumenterar f\u00f6r att framtidens jobb skapas i den gr\u00f6na omst\u00e4llningen, s\u00e5som inom fossilfritt st\u00e5l och cirkul\u00e4r ekonomi.<\/p>\n<p><strong>SD: Antalet sysselsatta har \u00f6kat med en miljon<\/strong><br \/>Jimmie \u00c5kesson (SD) lyfter fram att de har stoppat invandring till l\u00e5gl\u00f6neyrken och h\u00f6jt taket i A-kassan. Han f\u00f6rsvarar behovet av en rimlig balans mellan skattes\u00e4nkningar och v\u00e4lf\u00e4rd och ifr\u00e5gas\u00e4tter finansieringen av oppositionens f\u00f6rslag. Han noterar \u00e4ven att antalet sysselsatta i Sverige har \u00f6kat med ungef\u00e4r en miljon under de senaste 25 \u00e5ren.<\/p>\n<p><strong>KD och L: Enklare f\u00f6r f\u00f6retagen<\/strong><br \/>Ebba Busch (KD) och Simona Mohamsson (L) fokuserar mer indirekt p\u00e5 arbetsl\u00f6sheten genom att tala om f\u00f6retagandets villkor. Busch menar att s\u00e4nkt byr\u00e5krati f\u00f6r entrepren\u00f6rer \u00e4r avg\u00f6rande f\u00f6r att de ska f\u00e5 tid att utveckla sin verksamhet. Mohamsson betonar vikten av att m\u00e4nniskor anstr\u00e4nger sig och bildar sig, samt lyfter fram kvinnor som startar eget och skapar nya jobb som en del av den svenska framg\u00e5ngen.<\/p>\n<p>\t\t\t\t\tL\u00e4s mer\n\t\t\t<\/p>\n","protected":false},"excerpt":{"rendered":"Runt tio minuter av den totalt tre timmar l\u00e5nga partiledardebatten under onsdagskv\u00e4llen handlade om arbetsl\u00f6sheten, visar Arbetets analys.&hellip;\n","protected":false},"author":2,"featured_media":137076,"comment_status":"","ping_status":"","sticky":false,"template":"","format":"standard","meta":{"footnotes":""},"categories":[12],"tags":[22,23,26,27,17,21,24,25,28,29,15,16,18,34,31,33,32,30,19,20],"class_list":{"0":"post-137075","1":"post","2":"type-post","3":"status-publish","4":"format-standard","5":"has-post-thumbnail","7":"category-sverige","8":"tag-breaking-news","9":"tag-breakingnews","10":"tag-featured-news","11":"tag-featurednews","12":"tag-headlines","13":"tag-huvudnyheter","14":"tag-latest-news","15":"tag-latestnews","16":"tag-main-news","17":"tag-mainnews","18":"tag-news","19":"tag-nyheter","20":"tag-rubriker","21":"tag-se","22":"tag-svenska","23":"tag-sverige","24":"tag-sweden","25":"tag-swedish","26":"tag-top-stories","27":"tag-topstories"},"share_on_mastodon":{"url":"https:\/\/pubeurope.com\/@se\/115899386099471423","error":""},"_links":{"self":[{"href":"https:\/\/www.europesays.com\/se\/wp-json\/wp\/v2\/posts\/137075","targetHints":{"allow":["GET"]}}],"collection":[{"href":"https:\/\/www.europesays.com\/se\/wp-json\/wp\/v2\/posts"}],"about":[{"href":"https:\/\/www.europesays.com\/se\/wp-json\/wp\/v2\/types\/post"}],"author":[{"embeddable":true,"href":"https:\/\/www.europesays.com\/se\/wp-json\/wp\/v2\/users\/2"}],"replies":[{"embeddable":true,"href":"https:\/\/www.europesays.com\/se\/wp-json\/wp\/v2\/comments?post=137075"}],"version-history":[{"count":0,"href":"https:\/\/www.europesays.com\/se\/wp-json\/wp\/v2\/posts\/137075\/revisions"}],"wp:featuredmedia":[{"embeddable":true,"href":"https:\/\/www.europesays.com\/se\/wp-json\/wp\/v2\/media\/137076"}],"wp:attachment":[{"href":"https:\/\/www.europesays.com\/se\/wp-json\/wp\/v2\/media?parent=137075"}],"wp:term":[{"taxonomy":"category","embeddable":true,"href":"https:\/\/www.europesays.com\/se\/wp-json\/wp\/v2\/categories?post=137075"},{"taxonomy":"post_tag","embeddable":true,"href":"https:\/\/www.europesays.com\/se\/wp-json\/wp\/v2\/tags?post=137075"}],"curies":[{"name":"wp","href":"https:\/\/api.w.org\/{rel}","templated":true}]}}