{"id":137077,"date":"2026-01-15T13:37:07","date_gmt":"2026-01-15T13:37:07","guid":{"rendered":"https:\/\/www.europesays.com\/se\/137077\/"},"modified":"2026-01-15T13:37:07","modified_gmt":"2026-01-15T13:37:07","slug":"skolanstalld-skadad-elev-skot-raket-inomhus","status":"publish","type":"post","link":"https:\/\/www.europesays.com\/se\/137077\/","title":{"rendered":"Skolanst\u00e4lld skadad \u2013 elev sk\u00f6t raket inomhus"},"content":{"rendered":"<p>En anst\u00e4lld p\u00e5 en skola i Uppsala skadades n\u00e4r en elev sk\u00f6t fyrverkerier inomhus, uppger polisen. Ambulans tillkallades men personen beh\u00f6vde inte f\u00f6ras till sjukhus, rapporterar P4 Uppsala. <\/p>\n<p>\u2013 Det ska finnas br\u00e4nnm\u00e4rken p\u00e5 platsen efter raketen och rummet ska \u00e4ven ha fyllts med r\u00f6k, s\u00e4ger polisens presstalesperson Magnus Jansson Klarin till UNT. <\/p>\n<p>Sm\u00e4llare har ocks\u00e5 avfyrats inne p\u00e5 tv\u00e5 skolor i Sundsvall och Timr\u00e5 i\u202fdag, skriver Aftonbladet. Ett tiotal personer ska ha skadats lindrigt. <\/p>\n<p>Omni \u00e4r politiskt obundna och oberoende. Vi str\u00e4var efter att ge fler perspektiv p\u00e5 nyheterna. Har du fr\u00e5gor eller synpunkter kring v\u00e5r rapportering? <a href=\"https:\/\/omni.se\/skolanstalld-skadad-elev-skot-raket-inomhus\/a\/mailto:redaktion@omni.se\" class=\"ArticleActions_contactLink__W2F1M\" rel=\"nofollow noopener\" target=\"_blank\">Kontakta redaktionen<\/a><\/p>\n","protected":false},"excerpt":{"rendered":"En anst\u00e4lld p\u00e5 en skola i Uppsala skadades n\u00e4r en elev sk\u00f6t fyrverkerier inomhus, uppger polisen. Ambulans tillkallades&hellip;\n","protected":false},"author":2,"featured_media":137078,"comment_status":"","ping_status":"","sticky":false,"template":"","format":"standard","meta":{"footnotes":""},"categories":[5],"tags":[22,23,128,26,27,17,21,24,25,28,29,15,16,18,34,12229,31,33,32,30,13789,19,20,2424,2426,2883],"class_list":{"0":"post-137077","1":"post","2":"type-post","3":"status-publish","4":"format-standard","5":"has-post-thumbnail","7":"category-rubriker","8":"tag-breaking-news","9":"tag-breakingnews","10":"tag-brott","11":"tag-featured-news","12":"tag-featurednews","13":"tag-headlines","14":"tag-huvudnyheter","15":"tag-latest-news","16":"tag-latestnews","17":"tag-main-news","18":"tag-mainnews","19":"tag-news","20":"tag-nyheter","21":"tag-rubriker","22":"tag-se","23":"tag-sundsvall","24":"tag-svenska","25":"tag-sverige","26":"tag-sweden","27":"tag-swedish","28":"tag-timra","29":"tag-top-stories","30":"tag-topstories","31":"tag-uppsala","32":"tag-uppsala-lan","33":"tag-vasternorrlands-lan"},"share_on_mastodon":{"url":"https:\/\/pubeurope.com\/@se\/115899389865354132","error":""},"_links":{"self":[{"href":"https:\/\/www.europesays.com\/se\/wp-json\/wp\/v2\/posts\/137077","targetHints":{"allow":["GET"]}}],"collection":[{"href":"https:\/\/www.europesays.com\/se\/wp-json\/wp\/v2\/posts"}],"about":[{"href":"https:\/\/www.europesays.com\/se\/wp-json\/wp\/v2\/types\/post"}],"author":[{"embeddable":true,"href":"https:\/\/www.europesays.com\/se\/wp-json\/wp\/v2\/users\/2"}],"replies":[{"embeddable":true,"href":"https:\/\/www.europesays.com\/se\/wp-json\/wp\/v2\/comments?post=137077"}],"version-history":[{"count":0,"href":"https:\/\/www.europesays.com\/se\/wp-json\/wp\/v2\/posts\/137077\/revisions"}],"wp:featuredmedia":[{"embeddable":true,"href":"https:\/\/www.europesays.com\/se\/wp-json\/wp\/v2\/media\/137078"}],"wp:attachment":[{"href":"https:\/\/www.europesays.com\/se\/wp-json\/wp\/v2\/media?parent=137077"}],"wp:term":[{"taxonomy":"category","embeddable":true,"href":"https:\/\/www.europesays.com\/se\/wp-json\/wp\/v2\/categories?post=137077"},{"taxonomy":"post_tag","embeddable":true,"href":"https:\/\/www.europesays.com\/se\/wp-json\/wp\/v2\/tags?post=137077"}],"curies":[{"name":"wp","href":"https:\/\/api.w.org\/{rel}","templated":true}]}}